{"id":1269,"date":"2015-04-16T14:52:43","date_gmt":"2015-04-16T14:52:43","guid":{"rendered":"http:\/\/en.humanrightsagency.com\/?p=1269"},"modified":"2015-04-16T14:52:43","modified_gmt":"2015-04-16T14:52:43","slug":"foreigners-fear-for-safety-after-attacks-in-south-africa","status":"publish","type":"post","link":"https:\/\/www.agencedh.org\/en\/foreigners-fear-for-safety-after-attacks-in-south-africa\/","title":{"rendered":"Foreigners fear for safety after attacks in South Africa"},"content":{"rendered":"<p>The fear among some foreigners and South Africans that anti-immigrant attacks will escalate reached such a peak Thursday that foreigners sought refuge in camps and a police station, a peace march was planned and the president was to address the nation.<br \/>\nPeople began gathering in a sports stadium in the coastal city of Durban for a march denouncing the attacks. The march will be led by the city&#8217;s mayor and the premier of the KwaZulu Natal province. Among those who have been targeted are citizens of other African countries and of South Asia.<br \/>\nWith unemployment and poverty levels high in South Africa, the immigrants are accused of taking jobs that should go to South Africans. Locals have burned and looted foreign-owned shops in January this year. Violence reignited in recent weeks after the Zulu monarch, King Goodwill Zwelithini, said immigrants should &#8220;take their bags and go.&#8221;<br \/>\nPolice said attacks in Durban have left five people dead in recent days. More than 2,000 foreigners are staying in camps on sports fields around the city, afraid to return home, according to Gift of the Givers, an aid organization.<br \/>\nDozens of foreigners flocked to a police station outside of Johannesburg and stayed there overnight, police spokesman Col. Lungelo Dlamini said. The foreigners told police they feared for their safety. The Primrose Methodist Church, which housed foreigners after similar attacks in 2008, is preparing to take people in again.<br \/>\nPresident Jacob Zuma was to make a statement later Thursday in front of Parliament on the attacks, with his words carried live on TV. Minister of International Relations Maite Nkoana-Mashabane will on Friday meet with African diplomats based in South Africa to discuss the government&#8217;s efforts to protect immigrants, her office said in a statement.<br \/>\nAmnesty International criticized the South African government for its slow reaction to the attacks, and said authorities should have devised a better response plan after attacks earlier this year.<br \/>\nAP<\/p>\n","protected":false},"excerpt":{"rendered":"<p>The fear among some foreigners and South Africans that anti-immigrant attacks will escalate reached such a peak Thursday that foreigners sought refuge in camps and a police station, a peace march was planned and the president was to address the nation. People began gathering in a sports stadium in the coastal city of Durban for [&hellip;]<\/p>\n","protected":false},"author":1,"featured_media":1270,"comment_status":"closed","ping_status":"closed","sticky":false,"template":"","format":"standard","meta":{"footnotes":""},"categories":[48],"tags":[],"class_list":["post-1269","post","type-post","status-publish","format-standard","has-post-thumbnail","hentry","category-africa"],"yoast_head":"<!-- This site is optimized with the Yoast SEO plugin v24.0 - https:\/\/yoast.com\/wordpress\/plugins\/seo\/ -->\n<title>Foreigners fear for safety after attacks in South Africa<\/title>\n<meta name=\"robots\" content=\"index, follow, max-snippet:-1, max-image-preview:large, max-video-preview:-1\" \/>\n<link rel=\"canonical\" href=\"https:\/\/www.agencedh.org\/en\/foreigners-fear-for-safety-after-attacks-in-south-africa\/\" \/>\n<meta property=\"og:locale\" content=\"fr_FR\" \/>\n<meta property=\"og:type\" content=\"article\" \/>\n<meta property=\"og:title\" content=\"Foreigners fear for safety after attacks in South Africa\" \/>\n<meta property=\"og:description\" content=\"The fear among some foreigners and South Africans that anti-immigrant attacks will escalate reached such a peak Thursday that foreigners sought refuge in camps and a police station, a peace march was planned and the president was to address the nation. People began gathering in a sports stadium in the coastal city of Durban for [&hellip;]\" \/>\n<meta property=\"og:url\" content=\"https:\/\/www.agencedh.org\/en\/foreigners-fear-for-safety-after-attacks-in-south-africa\/\" \/>\n<meta property=\"og:site_name\" content=\"Human Rights Agency\" \/>\n<meta property=\"article:published_time\" content=\"2015-04-16T14:52:43+00:00\" \/>\n<meta property=\"og:image\" content=\"https:\/\/www.agencedh.org\/en\/wp-content\/uploads\/2015\/04\/afr.jpg\" \/>\n\t<meta property=\"og:image:width\" content=\"747\" \/>\n\t<meta property=\"og:image:height\" content=\"528\" \/>\n\t<meta property=\"og:image:type\" content=\"image\/jpeg\" \/>\n<meta name=\"author\" content=\"agencenadmin\" \/>\n<meta name=\"twitter:card\" content=\"summary_large_image\" \/>\n<meta name=\"twitter:label1\" content=\"\u00c9crit par\" \/>\n\t<meta name=\"twitter:data1\" content=\"agencenadmin\" \/>\n\t<meta name=\"twitter:label2\" content=\"Dur\u00e9e de lecture estim\u00e9e\" \/>\n\t<meta name=\"twitter:data2\" content=\"2 minutes\" \/>\n<script type=\"application\/ld+json\" class=\"yoast-schema-graph\">{\"@context\":\"https:\/\/schema.org\",\"@graph\":[{\"@type\":\"WebPage\",\"@id\":\"https:\/\/www.agencedh.org\/en\/foreigners-fear-for-safety-after-attacks-in-south-africa\/\",\"url\":\"https:\/\/www.agencedh.org\/en\/foreigners-fear-for-safety-after-attacks-in-south-africa\/\",\"name\":\"Foreigners fear for safety after attacks in South Africa\",\"isPartOf\":{\"@id\":\"https:\/\/www.agencedh.org\/en\/#website\"},\"primaryImageOfPage\":{\"@id\":\"https:\/\/www.agencedh.org\/en\/foreigners-fear-for-safety-after-attacks-in-south-africa\/#primaryimage\"},\"image\":{\"@id\":\"https:\/\/www.agencedh.org\/en\/foreigners-fear-for-safety-after-attacks-in-south-africa\/#primaryimage\"},\"thumbnailUrl\":\"https:\/\/www.agencedh.org\/en\/wp-content\/uploads\/2015\/04\/afr.jpg\",\"datePublished\":\"2015-04-16T14:52:43+00:00\",\"dateModified\":\"2015-04-16T14:52:43+00:00\",\"author\":{\"@id\":\"https:\/\/www.agencedh.org\/en\/#\/schema\/person\/e96efebcc4d17188d822aecf3d196f78\"},\"breadcrumb\":{\"@id\":\"https:\/\/www.agencedh.org\/en\/foreigners-fear-for-safety-after-attacks-in-south-africa\/#breadcrumb\"},\"inLanguage\":\"fr-FR\",\"potentialAction\":[{\"@type\":\"ReadAction\",\"target\":[\"https:\/\/www.agencedh.org\/en\/foreigners-fear-for-safety-after-attacks-in-south-africa\/\"]}]},{\"@type\":\"ImageObject\",\"inLanguage\":\"fr-FR\",\"@id\":\"https:\/\/www.agencedh.org\/en\/foreigners-fear-for-safety-after-attacks-in-south-africa\/#primaryimage\",\"url\":\"https:\/\/www.agencedh.org\/en\/wp-content\/uploads\/2015\/04\/afr.jpg\",\"contentUrl\":\"https:\/\/www.agencedh.org\/en\/wp-content\/uploads\/2015\/04\/afr.jpg\",\"width\":747,\"height\":528},{\"@type\":\"BreadcrumbList\",\"@id\":\"https:\/\/www.agencedh.org\/en\/foreigners-fear-for-safety-after-attacks-in-south-africa\/#breadcrumb\",\"itemListElement\":[{\"@type\":\"ListItem\",\"position\":1,\"name\":\"Accueil\",\"item\":\"https:\/\/www.agencedh.org\/en\/\"},{\"@type\":\"ListItem\",\"position\":2,\"name\":\"Foreigners fear for safety after attacks in South Africa\"}]},{\"@type\":\"WebSite\",\"@id\":\"https:\/\/www.agencedh.org\/en\/#website\",\"url\":\"https:\/\/www.agencedh.org\/en\/\",\"name\":\"Human Rights Agency\",\"description\":\"The HRA seeks to cooperate with African citizens, and African NGOs, as correspondents, to fight for human rights in their regions.\",\"potentialAction\":[{\"@type\":\"SearchAction\",\"target\":{\"@type\":\"EntryPoint\",\"urlTemplate\":\"https:\/\/www.agencedh.org\/en\/?s={search_term_string}\"},\"query-input\":{\"@type\":\"PropertyValueSpecification\",\"valueRequired\":true,\"valueName\":\"search_term_string\"}}],\"inLanguage\":\"fr-FR\"},{\"@type\":\"Person\",\"@id\":\"https:\/\/www.agencedh.org\/en\/#\/schema\/person\/e96efebcc4d17188d822aecf3d196f78\",\"name\":\"agencenadmin\",\"image\":{\"@type\":\"ImageObject\",\"inLanguage\":\"fr-FR\",\"@id\":\"https:\/\/www.agencedh.org\/en\/#\/schema\/person\/image\/\",\"url\":\"https:\/\/secure.gravatar.com\/avatar\/ff952971b712533bbeb7ed4dad462caf467e53008f4223eb6ea306b5c3c0220b?s=96&d=mm&r=g\",\"contentUrl\":\"https:\/\/secure.gravatar.com\/avatar\/ff952971b712533bbeb7ed4dad462caf467e53008f4223eb6ea306b5c3c0220b?s=96&d=mm&r=g\",\"caption\":\"agencenadmin\"},\"sameAs\":[\"https:\/\/www.agencedh.org\/en\"],\"url\":\"https:\/\/www.agencedh.org\/en\/author\/agencenadmin\/\"}]}<\/script>\n<!-- \/ Yoast SEO plugin. -->","yoast_head_json":{"title":"Foreigners fear for safety after attacks in South Africa","robots":{"index":"index","follow":"follow","max-snippet":"max-snippet:-1","max-image-preview":"max-image-preview:large","max-video-preview":"max-video-preview:-1"},"canonical":"https:\/\/www.agencedh.org\/en\/foreigners-fear-for-safety-after-attacks-in-south-africa\/","og_locale":"fr_FR","og_type":"article","og_title":"Foreigners fear for safety after attacks in South Africa","og_description":"The fear among some foreigners and South Africans that anti-immigrant attacks will escalate reached such a peak Thursday that foreigners sought refuge in camps and a police station, a peace march was planned and the president was to address the nation. People began gathering in a sports stadium in the coastal city of Durban for [&hellip;]","og_url":"https:\/\/www.agencedh.org\/en\/foreigners-fear-for-safety-after-attacks-in-south-africa\/","og_site_name":"Human Rights Agency","article_published_time":"2015-04-16T14:52:43+00:00","og_image":[{"width":747,"height":528,"url":"https:\/\/www.agencedh.org\/en\/wp-content\/uploads\/2015\/04\/afr.jpg","type":"image\/jpeg"}],"author":"agencenadmin","twitter_card":"summary_large_image","twitter_misc":{"\u00c9crit par":"agencenadmin","Dur\u00e9e de lecture estim\u00e9e":"2 minutes"},"schema":{"@context":"https:\/\/schema.org","@graph":[{"@type":"WebPage","@id":"https:\/\/www.agencedh.org\/en\/foreigners-fear-for-safety-after-attacks-in-south-africa\/","url":"https:\/\/www.agencedh.org\/en\/foreigners-fear-for-safety-after-attacks-in-south-africa\/","name":"Foreigners fear for safety after attacks in South Africa","isPartOf":{"@id":"https:\/\/www.agencedh.org\/en\/#website"},"primaryImageOfPage":{"@id":"https:\/\/www.agencedh.org\/en\/foreigners-fear-for-safety-after-attacks-in-south-africa\/#primaryimage"},"image":{"@id":"https:\/\/www.agencedh.org\/en\/foreigners-fear-for-safety-after-attacks-in-south-africa\/#primaryimage"},"thumbnailUrl":"https:\/\/www.agencedh.org\/en\/wp-content\/uploads\/2015\/04\/afr.jpg","datePublished":"2015-04-16T14:52:43+00:00","dateModified":"2015-04-16T14:52:43+00:00","author":{"@id":"https:\/\/www.agencedh.org\/en\/#\/schema\/person\/e96efebcc4d17188d822aecf3d196f78"},"breadcrumb":{"@id":"https:\/\/www.agencedh.org\/en\/foreigners-fear-for-safety-after-attacks-in-south-africa\/#breadcrumb"},"inLanguage":"fr-FR","potentialAction":[{"@type":"ReadAction","target":["https:\/\/www.agencedh.org\/en\/foreigners-fear-for-safety-after-attacks-in-south-africa\/"]}]},{"@type":"ImageObject","inLanguage":"fr-FR","@id":"https:\/\/www.agencedh.org\/en\/foreigners-fear-for-safety-after-attacks-in-south-africa\/#primaryimage","url":"https:\/\/www.agencedh.org\/en\/wp-content\/uploads\/2015\/04\/afr.jpg","contentUrl":"https:\/\/www.agencedh.org\/en\/wp-content\/uploads\/2015\/04\/afr.jpg","width":747,"height":528},{"@type":"BreadcrumbList","@id":"https:\/\/www.agencedh.org\/en\/foreigners-fear-for-safety-after-attacks-in-south-africa\/#breadcrumb","itemListElement":[{"@type":"ListItem","position":1,"name":"Accueil","item":"https:\/\/www.agencedh.org\/en\/"},{"@type":"ListItem","position":2,"name":"Foreigners fear for safety after attacks in South Africa"}]},{"@type":"WebSite","@id":"https:\/\/www.agencedh.org\/en\/#website","url":"https:\/\/www.agencedh.org\/en\/","name":"Human Rights Agency","description":"The HRA seeks to cooperate with African citizens, and African NGOs, as correspondents, to fight for human rights in their regions.","potentialAction":[{"@type":"SearchAction","target":{"@type":"EntryPoint","urlTemplate":"https:\/\/www.agencedh.org\/en\/?s={search_term_string}"},"query-input":{"@type":"PropertyValueSpecification","valueRequired":true,"valueName":"search_term_string"}}],"inLanguage":"fr-FR"},{"@type":"Person","@id":"https:\/\/www.agencedh.org\/en\/#\/schema\/person\/e96efebcc4d17188d822aecf3d196f78","name":"agencenadmin","image":{"@type":"ImageObject","inLanguage":"fr-FR","@id":"https:\/\/www.agencedh.org\/en\/#\/schema\/person\/image\/","url":"https:\/\/secure.gravatar.com\/avatar\/ff952971b712533bbeb7ed4dad462caf467e53008f4223eb6ea306b5c3c0220b?s=96&d=mm&r=g","contentUrl":"https:\/\/secure.gravatar.com\/avatar\/ff952971b712533bbeb7ed4dad462caf467e53008f4223eb6ea306b5c3c0220b?s=96&d=mm&r=g","caption":"agencenadmin"},"sameAs":["https:\/\/www.agencedh.org\/en"],"url":"https:\/\/www.agencedh.org\/en\/author\/agencenadmin\/"}]}},"rttpg_featured_image_url":{"full":["https:\/\/www.agencedh.org\/en\/wp-content\/uploads\/2015\/04\/afr.jpg",747,528,false],"landscape":["https:\/\/www.agencedh.org\/en\/wp-content\/uploads\/2015\/04\/afr.jpg",747,528,false],"portraits":["https:\/\/www.agencedh.org\/en\/wp-content\/uploads\/2015\/04\/afr.jpg",747,528,false],"thumbnail":["https:\/\/www.agencedh.org\/en\/wp-content\/uploads\/2015\/04\/afr-150x150.jpg",150,150,true],"medium":["https:\/\/www.agencedh.org\/en\/wp-content\/uploads\/2015\/04\/afr-300x212.jpg",300,212,true],"large":["https:\/\/www.agencedh.org\/en\/wp-content\/uploads\/2015\/04\/afr.jpg",747,528,false],"1536x1536":["https:\/\/www.agencedh.org\/en\/wp-content\/uploads\/2015\/04\/afr.jpg",747,528,false],"2048x2048":["https:\/\/www.agencedh.org\/en\/wp-content\/uploads\/2015\/04\/afr.jpg",747,528,false],"wpvqgr-square-answer":["https:\/\/www.agencedh.org\/en\/wp-content\/uploads\/2015\/04\/afr-300x300.jpg",300,300,true],"magplus-small-hor":["https:\/\/www.agencedh.org\/en\/wp-content\/uploads\/2015\/04\/afr-110x81.jpg",110,81,true],"magplus-small":["https:\/\/www.agencedh.org\/en\/wp-content\/uploads\/2015\/04\/afr-183x96.jpg",183,96,true],"magplus-small-ver":["https:\/\/www.agencedh.org\/en\/wp-content\/uploads\/2015\/04\/afr-225x305.jpg",225,305,true],"magplus-small-alt":["https:\/\/www.agencedh.org\/en\/wp-content\/uploads\/2015\/04\/afr-80x80.jpg",80,80,true],"magplus-medium":["https:\/\/www.agencedh.org\/en\/wp-content\/uploads\/2015\/04\/afr-394x218.jpg",394,218,true],"magplus-medium-ver":["https:\/\/www.agencedh.org\/en\/wp-content\/uploads\/2015\/04\/afr-288x180.jpg",288,180,true],"magplus-medium-hor":["https:\/\/www.agencedh.org\/en\/wp-content\/uploads\/2015\/04\/afr-335x160.jpg",335,160,true],"magplus-medium-alt":["https:\/\/www.agencedh.org\/en\/wp-content\/uploads\/2015\/04\/afr-290x162.jpg",290,162,true],"magplus-big-alt":["https:\/\/www.agencedh.org\/en\/wp-content\/uploads\/2015\/04\/afr-608x505.jpg",608,505,true],"magplus-big":["https:\/\/www.agencedh.org\/en\/wp-content\/uploads\/2015\/04\/afr-747x394.jpg",747,394,true],"magplus-big-alt-2":["https:\/\/www.agencedh.org\/en\/wp-content\/uploads\/2015\/04\/afr-537x307.jpg",537,307,true]},"rttpg_author":{"display_name":"agencenadmin","author_link":"https:\/\/www.agencedh.org\/en\/author\/agencenadmin\/"},"rttpg_comment":0,"rttpg_category":"<a href=\"https:\/\/www.agencedh.org\/en\/category\/africa\/\" rel=\"category tag\">Africa<\/a>","rttpg_excerpt":"The fear among some foreigners and South Africans that anti-immigrant attacks will escalate reached such a peak Thursday that foreigners sought refuge in camps and a police station, a peace march was planned and the president was to address the nation. People began gathering in a sports stadium in the coastal city of Durban for\u2026","_links":{"self":[{"href":"https:\/\/www.agencedh.org\/en\/wp-json\/wp\/v2\/posts\/1269","targetHints":{"allow":["GET"]}}],"collection":[{"href":"https:\/\/www.agencedh.org\/en\/wp-json\/wp\/v2\/posts"}],"about":[{"href":"https:\/\/www.agencedh.org\/en\/wp-json\/wp\/v2\/types\/post"}],"author":[{"embeddable":true,"href":"https:\/\/www.agencedh.org\/en\/wp-json\/wp\/v2\/users\/1"}],"replies":[{"embeddable":true,"href":"https:\/\/www.agencedh.org\/en\/wp-json\/wp\/v2\/comments?post=1269"}],"version-history":[{"count":0,"href":"https:\/\/www.agencedh.org\/en\/wp-json\/wp\/v2\/posts\/1269\/revisions"}],"wp:featuredmedia":[{"embeddable":true,"href":"https:\/\/www.agencedh.org\/en\/wp-json\/wp\/v2\/media\/1270"}],"wp:attachment":[{"href":"https:\/\/www.agencedh.org\/en\/wp-json\/wp\/v2\/media?parent=1269"}],"wp:term":[{"taxonomy":"category","embeddable":true,"href":"https:\/\/www.agencedh.org\/en\/wp-json\/wp\/v2\/categories?post=1269"},{"taxonomy":"post_tag","embeddable":true,"href":"https:\/\/www.agencedh.org\/en\/wp-json\/wp\/v2\/tags?post=1269"}],"curies":[{"name":"wp","href":"https:\/\/api.w.org\/{rel}","templated":true}]}}