{"id":1335,"date":"2015-04-25T09:59:48","date_gmt":"2015-04-25T09:59:48","guid":{"rendered":"http:\/\/en.humanrightsagency.com\/?p=1335"},"modified":"2015-04-25T09:59:48","modified_gmt":"2015-04-25T09:59:48","slug":"gunmen-kill-activist-in-pakistan","status":"publish","type":"post","link":"https:\/\/www.agencedh.org\/en\/gunmen-kill-activist-in-pakistan\/","title":{"rendered":"Gunmen kill activist in Pakistan"},"content":{"rendered":"<p>Gunmen on a motorcycle killed a prominent women&#8217;s rights activist in Pakistan just hours after she held a forum on the country&#8217;s restive Baluchistan region, home to a long-running insurgency, police said Saturday.<br \/>\nWhile investigators declined to speculate on a motive for the killing of Sabeen Mehmud, friends and colleagues immediately described her death as a targeted assassination in Pakistan, a country with a nascent democracy where the military and intelligence services still hold tremendous sway.<br \/>\nThe gunmen shot both Mehmud and her mother, Mehnaz Mehmud, as they stopped at a traffic light Friday night in an upscale Karachi neighborhood, senior police officer Zafar Iqbal said. Later, journalists saw their car at a nearby police station, the front driver&#8217;s side window smashed out and a pair of sandals on the floorboard, broken glass all around them. Blood stained the car&#8217;s white body.<br \/>\n&#8220;Two men riding a motorcycle opened fire on the car,&#8221; Iqbal said. Mehmud &#8220;died on her way to the hospital. Her mother was also wounded.&#8221;<br \/>\nAlia Chughtai, a close friend of Mehmud, told The Associated Press that Mehmud was driving at the time of attack and her mother was sitting next to her. Chughtai said Mehmud&#8217;s driver, who escaped unharmed, was sitting in the back seat at the time of the attack. She said she did not know why the driver wasn&#8217;t driving the car.<br \/>\nAP<\/p>\n","protected":false},"excerpt":{"rendered":"<p>Gunmen on a motorcycle killed a prominent women&#8217;s rights activist in Pakistan just hours after she held a forum on the country&#8217;s restive Baluchistan region, home to a long-running insurgency, police said Saturday. While investigators declined to speculate on a motive for the killing of Sabeen Mehmud, friends and colleagues immediately described her death as [&hellip;]<\/p>\n","protected":false},"author":1,"featured_media":1336,"comment_status":"closed","ping_status":"closed","sticky":false,"template":"","format":"standard","meta":{"footnotes":""},"categories":[52],"tags":[],"class_list":["post-1335","post","type-post","status-publish","format-standard","has-post-thumbnail","hentry","category-asia-and-oceania"],"yoast_head":"<!-- This site is optimized with the Yoast SEO plugin v24.0 - https:\/\/yoast.com\/wordpress\/plugins\/seo\/ -->\n<title>Gunmen kill activist in Pakistan<\/title>\n<meta name=\"robots\" content=\"index, follow, max-snippet:-1, max-image-preview:large, max-video-preview:-1\" \/>\n<link rel=\"canonical\" href=\"https:\/\/www.agencedh.org\/en\/gunmen-kill-activist-in-pakistan\/\" \/>\n<meta property=\"og:locale\" content=\"fr_FR\" \/>\n<meta property=\"og:type\" content=\"article\" \/>\n<meta property=\"og:title\" content=\"Gunmen kill activist in Pakistan\" \/>\n<meta property=\"og:description\" content=\"Gunmen on a motorcycle killed a prominent women&#8217;s rights activist in Pakistan just hours after she held a forum on the country&#8217;s restive Baluchistan region, home to a long-running insurgency, police said Saturday. While investigators declined to speculate on a motive for the killing of Sabeen Mehmud, friends and colleagues immediately described her death as [&hellip;]\" \/>\n<meta property=\"og:url\" content=\"https:\/\/www.agencedh.org\/en\/gunmen-kill-activist-in-pakistan\/\" \/>\n<meta property=\"og:site_name\" content=\"Human Rights Agency\" \/>\n<meta property=\"article:published_time\" content=\"2015-04-25T09:59:48+00:00\" \/>\n<meta property=\"og:image\" content=\"https:\/\/www.agencedh.org\/en\/wp-content\/uploads\/2015\/04\/pakes.jpg\" \/>\n\t<meta property=\"og:image:width\" content=\"316\" \/>\n\t<meta property=\"og:image:height\" content=\"218\" \/>\n\t<meta property=\"og:image:type\" content=\"image\/jpeg\" \/>\n<meta name=\"author\" content=\"agencenadmin\" \/>\n<meta name=\"twitter:card\" content=\"summary_large_image\" \/>\n<meta name=\"twitter:label1\" content=\"\u00c9crit par\" \/>\n\t<meta name=\"twitter:data1\" content=\"agencenadmin\" \/>\n\t<meta name=\"twitter:label2\" content=\"Dur\u00e9e de lecture estim\u00e9e\" \/>\n\t<meta name=\"twitter:data2\" content=\"1 minute\" \/>\n<script type=\"application\/ld+json\" class=\"yoast-schema-graph\">{\"@context\":\"https:\/\/schema.org\",\"@graph\":[{\"@type\":\"WebPage\",\"@id\":\"https:\/\/www.agencedh.org\/en\/gunmen-kill-activist-in-pakistan\/\",\"url\":\"https:\/\/www.agencedh.org\/en\/gunmen-kill-activist-in-pakistan\/\",\"name\":\"Gunmen kill activist in Pakistan\",\"isPartOf\":{\"@id\":\"https:\/\/www.agencedh.org\/en\/#website\"},\"primaryImageOfPage\":{\"@id\":\"https:\/\/www.agencedh.org\/en\/gunmen-kill-activist-in-pakistan\/#primaryimage\"},\"image\":{\"@id\":\"https:\/\/www.agencedh.org\/en\/gunmen-kill-activist-in-pakistan\/#primaryimage\"},\"thumbnailUrl\":\"https:\/\/www.agencedh.org\/en\/wp-content\/uploads\/2015\/04\/pakes.jpg\",\"datePublished\":\"2015-04-25T09:59:48+00:00\",\"dateModified\":\"2015-04-25T09:59:48+00:00\",\"author\":{\"@id\":\"https:\/\/www.agencedh.org\/en\/#\/schema\/person\/e96efebcc4d17188d822aecf3d196f78\"},\"breadcrumb\":{\"@id\":\"https:\/\/www.agencedh.org\/en\/gunmen-kill-activist-in-pakistan\/#breadcrumb\"},\"inLanguage\":\"fr-FR\",\"potentialAction\":[{\"@type\":\"ReadAction\",\"target\":[\"https:\/\/www.agencedh.org\/en\/gunmen-kill-activist-in-pakistan\/\"]}]},{\"@type\":\"ImageObject\",\"inLanguage\":\"fr-FR\",\"@id\":\"https:\/\/www.agencedh.org\/en\/gunmen-kill-activist-in-pakistan\/#primaryimage\",\"url\":\"https:\/\/www.agencedh.org\/en\/wp-content\/uploads\/2015\/04\/pakes.jpg\",\"contentUrl\":\"https:\/\/www.agencedh.org\/en\/wp-content\/uploads\/2015\/04\/pakes.jpg\",\"width\":316,\"height\":218},{\"@type\":\"BreadcrumbList\",\"@id\":\"https:\/\/www.agencedh.org\/en\/gunmen-kill-activist-in-pakistan\/#breadcrumb\",\"itemListElement\":[{\"@type\":\"ListItem\",\"position\":1,\"name\":\"Accueil\",\"item\":\"https:\/\/www.agencedh.org\/en\/\"},{\"@type\":\"ListItem\",\"position\":2,\"name\":\"Gunmen kill activist in Pakistan\"}]},{\"@type\":\"WebSite\",\"@id\":\"https:\/\/www.agencedh.org\/en\/#website\",\"url\":\"https:\/\/www.agencedh.org\/en\/\",\"name\":\"Human Rights Agency\",\"description\":\"The HRA seeks to cooperate with African citizens, and African NGOs, as correspondents, to fight for human rights in their regions.\",\"potentialAction\":[{\"@type\":\"SearchAction\",\"target\":{\"@type\":\"EntryPoint\",\"urlTemplate\":\"https:\/\/www.agencedh.org\/en\/?s={search_term_string}\"},\"query-input\":{\"@type\":\"PropertyValueSpecification\",\"valueRequired\":true,\"valueName\":\"search_term_string\"}}],\"inLanguage\":\"fr-FR\"},{\"@type\":\"Person\",\"@id\":\"https:\/\/www.agencedh.org\/en\/#\/schema\/person\/e96efebcc4d17188d822aecf3d196f78\",\"name\":\"agencenadmin\",\"image\":{\"@type\":\"ImageObject\",\"inLanguage\":\"fr-FR\",\"@id\":\"https:\/\/www.agencedh.org\/en\/#\/schema\/person\/image\/\",\"url\":\"https:\/\/secure.gravatar.com\/avatar\/ff952971b712533bbeb7ed4dad462caf467e53008f4223eb6ea306b5c3c0220b?s=96&d=mm&r=g\",\"contentUrl\":\"https:\/\/secure.gravatar.com\/avatar\/ff952971b712533bbeb7ed4dad462caf467e53008f4223eb6ea306b5c3c0220b?s=96&d=mm&r=g\",\"caption\":\"agencenadmin\"},\"sameAs\":[\"https:\/\/www.agencedh.org\/en\"],\"url\":\"https:\/\/www.agencedh.org\/en\/author\/agencenadmin\/\"}]}<\/script>\n<!-- \/ Yoast SEO plugin. -->","yoast_head_json":{"title":"Gunmen kill activist in Pakistan","robots":{"index":"index","follow":"follow","max-snippet":"max-snippet:-1","max-image-preview":"max-image-preview:large","max-video-preview":"max-video-preview:-1"},"canonical":"https:\/\/www.agencedh.org\/en\/gunmen-kill-activist-in-pakistan\/","og_locale":"fr_FR","og_type":"article","og_title":"Gunmen kill activist in Pakistan","og_description":"Gunmen on a motorcycle killed a prominent women&#8217;s rights activist in Pakistan just hours after she held a forum on the country&#8217;s restive Baluchistan region, home to a long-running insurgency, police said Saturday. While investigators declined to speculate on a motive for the killing of Sabeen Mehmud, friends and colleagues immediately described her death as [&hellip;]","og_url":"https:\/\/www.agencedh.org\/en\/gunmen-kill-activist-in-pakistan\/","og_site_name":"Human Rights Agency","article_published_time":"2015-04-25T09:59:48+00:00","og_image":[{"width":316,"height":218,"url":"https:\/\/www.agencedh.org\/en\/wp-content\/uploads\/2015\/04\/pakes.jpg","type":"image\/jpeg"}],"author":"agencenadmin","twitter_card":"summary_large_image","twitter_misc":{"\u00c9crit par":"agencenadmin","Dur\u00e9e de lecture estim\u00e9e":"1 minute"},"schema":{"@context":"https:\/\/schema.org","@graph":[{"@type":"WebPage","@id":"https:\/\/www.agencedh.org\/en\/gunmen-kill-activist-in-pakistan\/","url":"https:\/\/www.agencedh.org\/en\/gunmen-kill-activist-in-pakistan\/","name":"Gunmen kill activist in Pakistan","isPartOf":{"@id":"https:\/\/www.agencedh.org\/en\/#website"},"primaryImageOfPage":{"@id":"https:\/\/www.agencedh.org\/en\/gunmen-kill-activist-in-pakistan\/#primaryimage"},"image":{"@id":"https:\/\/www.agencedh.org\/en\/gunmen-kill-activist-in-pakistan\/#primaryimage"},"thumbnailUrl":"https:\/\/www.agencedh.org\/en\/wp-content\/uploads\/2015\/04\/pakes.jpg","datePublished":"2015-04-25T09:59:48+00:00","dateModified":"2015-04-25T09:59:48+00:00","author":{"@id":"https:\/\/www.agencedh.org\/en\/#\/schema\/person\/e96efebcc4d17188d822aecf3d196f78"},"breadcrumb":{"@id":"https:\/\/www.agencedh.org\/en\/gunmen-kill-activist-in-pakistan\/#breadcrumb"},"inLanguage":"fr-FR","potentialAction":[{"@type":"ReadAction","target":["https:\/\/www.agencedh.org\/en\/gunmen-kill-activist-in-pakistan\/"]}]},{"@type":"ImageObject","inLanguage":"fr-FR","@id":"https:\/\/www.agencedh.org\/en\/gunmen-kill-activist-in-pakistan\/#primaryimage","url":"https:\/\/www.agencedh.org\/en\/wp-content\/uploads\/2015\/04\/pakes.jpg","contentUrl":"https:\/\/www.agencedh.org\/en\/wp-content\/uploads\/2015\/04\/pakes.jpg","width":316,"height":218},{"@type":"BreadcrumbList","@id":"https:\/\/www.agencedh.org\/en\/gunmen-kill-activist-in-pakistan\/#breadcrumb","itemListElement":[{"@type":"ListItem","position":1,"name":"Accueil","item":"https:\/\/www.agencedh.org\/en\/"},{"@type":"ListItem","position":2,"name":"Gunmen kill activist in Pakistan"}]},{"@type":"WebSite","@id":"https:\/\/www.agencedh.org\/en\/#website","url":"https:\/\/www.agencedh.org\/en\/","name":"Human Rights Agency","description":"The HRA seeks to cooperate with African citizens, and African NGOs, as correspondents, to fight for human rights in their regions.","potentialAction":[{"@type":"SearchAction","target":{"@type":"EntryPoint","urlTemplate":"https:\/\/www.agencedh.org\/en\/?s={search_term_string}"},"query-input":{"@type":"PropertyValueSpecification","valueRequired":true,"valueName":"search_term_string"}}],"inLanguage":"fr-FR"},{"@type":"Person","@id":"https:\/\/www.agencedh.org\/en\/#\/schema\/person\/e96efebcc4d17188d822aecf3d196f78","name":"agencenadmin","image":{"@type":"ImageObject","inLanguage":"fr-FR","@id":"https:\/\/www.agencedh.org\/en\/#\/schema\/person\/image\/","url":"https:\/\/secure.gravatar.com\/avatar\/ff952971b712533bbeb7ed4dad462caf467e53008f4223eb6ea306b5c3c0220b?s=96&d=mm&r=g","contentUrl":"https:\/\/secure.gravatar.com\/avatar\/ff952971b712533bbeb7ed4dad462caf467e53008f4223eb6ea306b5c3c0220b?s=96&d=mm&r=g","caption":"agencenadmin"},"sameAs":["https:\/\/www.agencedh.org\/en"],"url":"https:\/\/www.agencedh.org\/en\/author\/agencenadmin\/"}]}},"rttpg_featured_image_url":{"full":["https:\/\/www.agencedh.org\/en\/wp-content\/uploads\/2015\/04\/pakes.jpg",316,218,false],"landscape":["https:\/\/www.agencedh.org\/en\/wp-content\/uploads\/2015\/04\/pakes.jpg",316,218,false],"portraits":["https:\/\/www.agencedh.org\/en\/wp-content\/uploads\/2015\/04\/pakes.jpg",316,218,false],"thumbnail":["https:\/\/www.agencedh.org\/en\/wp-content\/uploads\/2015\/04\/pakes-150x150.jpg",150,150,true],"medium":["https:\/\/www.agencedh.org\/en\/wp-content\/uploads\/2015\/04\/pakes-300x207.jpg",300,207,true],"large":["https:\/\/www.agencedh.org\/en\/wp-content\/uploads\/2015\/04\/pakes.jpg",316,218,false],"1536x1536":["https:\/\/www.agencedh.org\/en\/wp-content\/uploads\/2015\/04\/pakes.jpg",316,218,false],"2048x2048":["https:\/\/www.agencedh.org\/en\/wp-content\/uploads\/2015\/04\/pakes.jpg",316,218,false],"wpvqgr-square-answer":["https:\/\/www.agencedh.org\/en\/wp-content\/uploads\/2015\/04\/pakes-300x218.jpg",300,218,true],"magplus-small-hor":["https:\/\/www.agencedh.org\/en\/wp-content\/uploads\/2015\/04\/pakes-110x81.jpg",110,81,true],"magplus-small":["https:\/\/www.agencedh.org\/en\/wp-content\/uploads\/2015\/04\/pakes-183x96.jpg",183,96,true],"magplus-small-ver":["https:\/\/www.agencedh.org\/en\/wp-content\/uploads\/2015\/04\/pakes-225x218.jpg",225,218,true],"magplus-small-alt":["https:\/\/www.agencedh.org\/en\/wp-content\/uploads\/2015\/04\/pakes-80x80.jpg",80,80,true],"magplus-medium":["https:\/\/www.agencedh.org\/en\/wp-content\/uploads\/2015\/04\/pakes.jpg",316,218,false],"magplus-medium-ver":["https:\/\/www.agencedh.org\/en\/wp-content\/uploads\/2015\/04\/pakes-288x180.jpg",288,180,true],"magplus-medium-hor":["https:\/\/www.agencedh.org\/en\/wp-content\/uploads\/2015\/04\/pakes-316x160.jpg",316,160,true],"magplus-medium-alt":["https:\/\/www.agencedh.org\/en\/wp-content\/uploads\/2015\/04\/pakes-290x162.jpg",290,162,true],"magplus-big-alt":["https:\/\/www.agencedh.org\/en\/wp-content\/uploads\/2015\/04\/pakes.jpg",316,218,false],"magplus-big":["https:\/\/www.agencedh.org\/en\/wp-content\/uploads\/2015\/04\/pakes.jpg",316,218,false],"magplus-big-alt-2":["https:\/\/www.agencedh.org\/en\/wp-content\/uploads\/2015\/04\/pakes.jpg",316,218,false]},"rttpg_author":{"display_name":"agencenadmin","author_link":"https:\/\/www.agencedh.org\/en\/author\/agencenadmin\/"},"rttpg_comment":0,"rttpg_category":"<a href=\"https:\/\/www.agencedh.org\/en\/category\/asia-and-oceania\/\" rel=\"category tag\">Asia and Oceania<\/a>","rttpg_excerpt":"Gunmen on a motorcycle killed a prominent women&#8217;s rights activist in Pakistan just hours after she held a forum on the country&#8217;s restive Baluchistan region, home to a long-running insurgency, police said Saturday. While investigators declined to speculate on a motive for the killing of Sabeen Mehmud, friends and colleagues immediately described her death as\u2026","_links":{"self":[{"href":"https:\/\/www.agencedh.org\/en\/wp-json\/wp\/v2\/posts\/1335","targetHints":{"allow":["GET"]}}],"collection":[{"href":"https:\/\/www.agencedh.org\/en\/wp-json\/wp\/v2\/posts"}],"about":[{"href":"https:\/\/www.agencedh.org\/en\/wp-json\/wp\/v2\/types\/post"}],"author":[{"embeddable":true,"href":"https:\/\/www.agencedh.org\/en\/wp-json\/wp\/v2\/users\/1"}],"replies":[{"embeddable":true,"href":"https:\/\/www.agencedh.org\/en\/wp-json\/wp\/v2\/comments?post=1335"}],"version-history":[{"count":0,"href":"https:\/\/www.agencedh.org\/en\/wp-json\/wp\/v2\/posts\/1335\/revisions"}],"wp:featuredmedia":[{"embeddable":true,"href":"https:\/\/www.agencedh.org\/en\/wp-json\/wp\/v2\/media\/1336"}],"wp:attachment":[{"href":"https:\/\/www.agencedh.org\/en\/wp-json\/wp\/v2\/media?parent=1335"}],"wp:term":[{"taxonomy":"category","embeddable":true,"href":"https:\/\/www.agencedh.org\/en\/wp-json\/wp\/v2\/categories?post=1335"},{"taxonomy":"post_tag","embeddable":true,"href":"https:\/\/www.agencedh.org\/en\/wp-json\/wp\/v2\/tags?post=1335"}],"curies":[{"name":"wp","href":"https:\/\/api.w.org\/{rel}","templated":true}]}}