{"id":1347,"date":"2015-04-26T10:59:33","date_gmt":"2015-04-26T10:59:33","guid":{"rendered":"http:\/\/en.humanrightsagency.com\/?p=1347"},"modified":"2015-04-26T10:59:33","modified_gmt":"2015-04-26T10:59:33","slug":"explosive-footage-from-inside-rikers-jail-shows-guard-beating-teen-accused-of-backpack-theft","status":"publish","type":"post","link":"https:\/\/www.agencedh.org\/en\/explosive-footage-from-inside-rikers-jail-shows-guard-beating-teen-accused-of-backpack-theft\/","title":{"rendered":"Explosive Footage from Inside Rikers Jail Shows Guard Beating Teen Accused of Backpack Theft"},"content":{"rendered":"<p>Explosive video obtained by The New Yorker depicts extreme violence inside New York City\u2019s Rikers Island jail complex. Surveillance camera footage shows former teenage prisoner, Kalief Browder, being abused on two separate occasions. In one clip from 2012, the teenager is seen inside Rikers\u2019 Central Punitive Segregation Unit, better known as the Bing. As a guard escorts Browder to the showers, Browder appears to speak, and then the guard suddenly violently hurls him to the floor although he\u2019s already handcuffed. In a separate video clip from 2010, Browder is attacked by almost a dozen other teenage inmates after he punches a gang member who spat in his face. The other inmates pile onto Browder and pummel him until guards finally intervene. In an exclusive interview, we are the first to speak about the video with New Yorker staff writer Jennifer Gonnerman, who told Browder\u2019s story in The New Yorker last year, describing how he spent nearly three years at Rikers after arriving there as a 16-year-old high school sophomore following his refusal to plead guilty to a crime he did not commit \u2014 stealing a backpack. &#8220;Footage [from inside Rikers] like this never, ever comes out,&#8221; Gonnerman says. &#8220;This is what goes on when nobody is looking.&#8221;<\/p>\n<p><a href=\"http:\/\/www.democracynow.org\/2015\/4\/24\/watch_explosive_footage_from_inside_rikers\">http:\/\/www.democracynow.org\/2015\/4\/24\/watch_explosive_footage_from_inside_rikers<\/a><\/p>\n<p>Democracy<\/p>\n","protected":false},"excerpt":{"rendered":"<p>Explosive video obtained by The New Yorker depicts extreme violence inside New York City\u2019s Rikers Island jail complex. Surveillance camera footage shows former teenage prisoner, Kalief Browder, being abused on two separate occasions. In one clip from 2012, the teenager is seen inside Rikers\u2019 Central Punitive Segregation Unit, better known as the Bing. As a [&hellip;]<\/p>\n","protected":false},"author":1,"featured_media":1348,"comment_status":"closed","ping_status":"closed","sticky":false,"template":"","format":"standard","meta":{"footnotes":""},"categories":[50],"tags":[],"class_list":["post-1347","post","type-post","status-publish","format-standard","has-post-thumbnail","hentry","category-america"],"yoast_head":"<!-- This site is optimized with the Yoast SEO plugin v24.0 - https:\/\/yoast.com\/wordpress\/plugins\/seo\/ -->\n<title>Explosive Footage from Inside Rikers Jail Shows Guard Beating Teen Accused of Backpack Theft<\/title>\n<meta name=\"robots\" content=\"index, follow, max-snippet:-1, max-image-preview:large, max-video-preview:-1\" \/>\n<link rel=\"canonical\" href=\"https:\/\/www.agencedh.org\/en\/explosive-footage-from-inside-rikers-jail-shows-guard-beating-teen-accused-of-backpack-theft\/\" \/>\n<meta property=\"og:locale\" content=\"fr_FR\" \/>\n<meta property=\"og:type\" content=\"article\" \/>\n<meta property=\"og:title\" content=\"Explosive Footage from Inside Rikers Jail Shows Guard Beating Teen Accused of Backpack Theft\" \/>\n<meta property=\"og:description\" content=\"Explosive video obtained by The New Yorker depicts extreme violence inside New York City\u2019s Rikers Island jail complex. Surveillance camera footage shows former teenage prisoner, Kalief Browder, being abused on two separate occasions. In one clip from 2012, the teenager is seen inside Rikers\u2019 Central Punitive Segregation Unit, better known as the Bing. As a [&hellip;]\" \/>\n<meta property=\"og:url\" content=\"https:\/\/www.agencedh.org\/en\/explosive-footage-from-inside-rikers-jail-shows-guard-beating-teen-accused-of-backpack-theft\/\" \/>\n<meta property=\"og:site_name\" content=\"Human Rights Agency\" \/>\n<meta property=\"article:published_time\" content=\"2015-04-26T10:59:33+00:00\" \/>\n<meta property=\"og:image\" content=\"https:\/\/www.agencedh.org\/en\/wp-content\/uploads\/2015\/04\/us2.jpg\" \/>\n\t<meta property=\"og:image:width\" content=\"467\" \/>\n\t<meta property=\"og:image:height\" content=\"359\" \/>\n\t<meta property=\"og:image:type\" content=\"image\/jpeg\" \/>\n<meta name=\"author\" content=\"agencenadmin\" \/>\n<meta name=\"twitter:card\" content=\"summary_large_image\" \/>\n<meta name=\"twitter:label1\" content=\"\u00c9crit par\" \/>\n\t<meta name=\"twitter:data1\" content=\"agencenadmin\" \/>\n\t<meta name=\"twitter:label2\" content=\"Dur\u00e9e de lecture estim\u00e9e\" \/>\n\t<meta name=\"twitter:data2\" content=\"1 minute\" \/>\n<script type=\"application\/ld+json\" class=\"yoast-schema-graph\">{\"@context\":\"https:\/\/schema.org\",\"@graph\":[{\"@type\":\"WebPage\",\"@id\":\"https:\/\/www.agencedh.org\/en\/explosive-footage-from-inside-rikers-jail-shows-guard-beating-teen-accused-of-backpack-theft\/\",\"url\":\"https:\/\/www.agencedh.org\/en\/explosive-footage-from-inside-rikers-jail-shows-guard-beating-teen-accused-of-backpack-theft\/\",\"name\":\"Explosive Footage from Inside Rikers Jail Shows Guard Beating Teen Accused of Backpack Theft\",\"isPartOf\":{\"@id\":\"https:\/\/www.agencedh.org\/en\/#website\"},\"primaryImageOfPage\":{\"@id\":\"https:\/\/www.agencedh.org\/en\/explosive-footage-from-inside-rikers-jail-shows-guard-beating-teen-accused-of-backpack-theft\/#primaryimage\"},\"image\":{\"@id\":\"https:\/\/www.agencedh.org\/en\/explosive-footage-from-inside-rikers-jail-shows-guard-beating-teen-accused-of-backpack-theft\/#primaryimage\"},\"thumbnailUrl\":\"https:\/\/www.agencedh.org\/en\/wp-content\/uploads\/2015\/04\/us2.jpg\",\"datePublished\":\"2015-04-26T10:59:33+00:00\",\"dateModified\":\"2015-04-26T10:59:33+00:00\",\"author\":{\"@id\":\"https:\/\/www.agencedh.org\/en\/#\/schema\/person\/e96efebcc4d17188d822aecf3d196f78\"},\"breadcrumb\":{\"@id\":\"https:\/\/www.agencedh.org\/en\/explosive-footage-from-inside-rikers-jail-shows-guard-beating-teen-accused-of-backpack-theft\/#breadcrumb\"},\"inLanguage\":\"fr-FR\",\"potentialAction\":[{\"@type\":\"ReadAction\",\"target\":[\"https:\/\/www.agencedh.org\/en\/explosive-footage-from-inside-rikers-jail-shows-guard-beating-teen-accused-of-backpack-theft\/\"]}]},{\"@type\":\"ImageObject\",\"inLanguage\":\"fr-FR\",\"@id\":\"https:\/\/www.agencedh.org\/en\/explosive-footage-from-inside-rikers-jail-shows-guard-beating-teen-accused-of-backpack-theft\/#primaryimage\",\"url\":\"https:\/\/www.agencedh.org\/en\/wp-content\/uploads\/2015\/04\/us2.jpg\",\"contentUrl\":\"https:\/\/www.agencedh.org\/en\/wp-content\/uploads\/2015\/04\/us2.jpg\",\"width\":467,\"height\":359},{\"@type\":\"BreadcrumbList\",\"@id\":\"https:\/\/www.agencedh.org\/en\/explosive-footage-from-inside-rikers-jail-shows-guard-beating-teen-accused-of-backpack-theft\/#breadcrumb\",\"itemListElement\":[{\"@type\":\"ListItem\",\"position\":1,\"name\":\"Accueil\",\"item\":\"https:\/\/www.agencedh.org\/en\/\"},{\"@type\":\"ListItem\",\"position\":2,\"name\":\"Explosive Footage from Inside Rikers Jail Shows Guard Beating Teen Accused of Backpack Theft\"}]},{\"@type\":\"WebSite\",\"@id\":\"https:\/\/www.agencedh.org\/en\/#website\",\"url\":\"https:\/\/www.agencedh.org\/en\/\",\"name\":\"Human Rights Agency\",\"description\":\"The HRA seeks to cooperate with African citizens, and African NGOs, as correspondents, to fight for human rights in their regions.\",\"potentialAction\":[{\"@type\":\"SearchAction\",\"target\":{\"@type\":\"EntryPoint\",\"urlTemplate\":\"https:\/\/www.agencedh.org\/en\/?s={search_term_string}\"},\"query-input\":{\"@type\":\"PropertyValueSpecification\",\"valueRequired\":true,\"valueName\":\"search_term_string\"}}],\"inLanguage\":\"fr-FR\"},{\"@type\":\"Person\",\"@id\":\"https:\/\/www.agencedh.org\/en\/#\/schema\/person\/e96efebcc4d17188d822aecf3d196f78\",\"name\":\"agencenadmin\",\"image\":{\"@type\":\"ImageObject\",\"inLanguage\":\"fr-FR\",\"@id\":\"https:\/\/www.agencedh.org\/en\/#\/schema\/person\/image\/\",\"url\":\"https:\/\/secure.gravatar.com\/avatar\/ff952971b712533bbeb7ed4dad462caf467e53008f4223eb6ea306b5c3c0220b?s=96&d=mm&r=g\",\"contentUrl\":\"https:\/\/secure.gravatar.com\/avatar\/ff952971b712533bbeb7ed4dad462caf467e53008f4223eb6ea306b5c3c0220b?s=96&d=mm&r=g\",\"caption\":\"agencenadmin\"},\"sameAs\":[\"https:\/\/www.agencedh.org\/en\"],\"url\":\"https:\/\/www.agencedh.org\/en\/author\/agencenadmin\/\"}]}<\/script>\n<!-- \/ Yoast SEO plugin. -->","yoast_head_json":{"title":"Explosive Footage from Inside Rikers Jail Shows Guard Beating Teen Accused of Backpack Theft","robots":{"index":"index","follow":"follow","max-snippet":"max-snippet:-1","max-image-preview":"max-image-preview:large","max-video-preview":"max-video-preview:-1"},"canonical":"https:\/\/www.agencedh.org\/en\/explosive-footage-from-inside-rikers-jail-shows-guard-beating-teen-accused-of-backpack-theft\/","og_locale":"fr_FR","og_type":"article","og_title":"Explosive Footage from Inside Rikers Jail Shows Guard Beating Teen Accused of Backpack Theft","og_description":"Explosive video obtained by The New Yorker depicts extreme violence inside New York City\u2019s Rikers Island jail complex. Surveillance camera footage shows former teenage prisoner, Kalief Browder, being abused on two separate occasions. In one clip from 2012, the teenager is seen inside Rikers\u2019 Central Punitive Segregation Unit, better known as the Bing. As a [&hellip;]","og_url":"https:\/\/www.agencedh.org\/en\/explosive-footage-from-inside-rikers-jail-shows-guard-beating-teen-accused-of-backpack-theft\/","og_site_name":"Human Rights Agency","article_published_time":"2015-04-26T10:59:33+00:00","og_image":[{"width":467,"height":359,"url":"https:\/\/www.agencedh.org\/en\/wp-content\/uploads\/2015\/04\/us2.jpg","type":"image\/jpeg"}],"author":"agencenadmin","twitter_card":"summary_large_image","twitter_misc":{"\u00c9crit par":"agencenadmin","Dur\u00e9e de lecture estim\u00e9e":"1 minute"},"schema":{"@context":"https:\/\/schema.org","@graph":[{"@type":"WebPage","@id":"https:\/\/www.agencedh.org\/en\/explosive-footage-from-inside-rikers-jail-shows-guard-beating-teen-accused-of-backpack-theft\/","url":"https:\/\/www.agencedh.org\/en\/explosive-footage-from-inside-rikers-jail-shows-guard-beating-teen-accused-of-backpack-theft\/","name":"Explosive Footage from Inside Rikers Jail Shows Guard Beating Teen Accused of Backpack Theft","isPartOf":{"@id":"https:\/\/www.agencedh.org\/en\/#website"},"primaryImageOfPage":{"@id":"https:\/\/www.agencedh.org\/en\/explosive-footage-from-inside-rikers-jail-shows-guard-beating-teen-accused-of-backpack-theft\/#primaryimage"},"image":{"@id":"https:\/\/www.agencedh.org\/en\/explosive-footage-from-inside-rikers-jail-shows-guard-beating-teen-accused-of-backpack-theft\/#primaryimage"},"thumbnailUrl":"https:\/\/www.agencedh.org\/en\/wp-content\/uploads\/2015\/04\/us2.jpg","datePublished":"2015-04-26T10:59:33+00:00","dateModified":"2015-04-26T10:59:33+00:00","author":{"@id":"https:\/\/www.agencedh.org\/en\/#\/schema\/person\/e96efebcc4d17188d822aecf3d196f78"},"breadcrumb":{"@id":"https:\/\/www.agencedh.org\/en\/explosive-footage-from-inside-rikers-jail-shows-guard-beating-teen-accused-of-backpack-theft\/#breadcrumb"},"inLanguage":"fr-FR","potentialAction":[{"@type":"ReadAction","target":["https:\/\/www.agencedh.org\/en\/explosive-footage-from-inside-rikers-jail-shows-guard-beating-teen-accused-of-backpack-theft\/"]}]},{"@type":"ImageObject","inLanguage":"fr-FR","@id":"https:\/\/www.agencedh.org\/en\/explosive-footage-from-inside-rikers-jail-shows-guard-beating-teen-accused-of-backpack-theft\/#primaryimage","url":"https:\/\/www.agencedh.org\/en\/wp-content\/uploads\/2015\/04\/us2.jpg","contentUrl":"https:\/\/www.agencedh.org\/en\/wp-content\/uploads\/2015\/04\/us2.jpg","width":467,"height":359},{"@type":"BreadcrumbList","@id":"https:\/\/www.agencedh.org\/en\/explosive-footage-from-inside-rikers-jail-shows-guard-beating-teen-accused-of-backpack-theft\/#breadcrumb","itemListElement":[{"@type":"ListItem","position":1,"name":"Accueil","item":"https:\/\/www.agencedh.org\/en\/"},{"@type":"ListItem","position":2,"name":"Explosive Footage from Inside Rikers Jail Shows Guard Beating Teen Accused of Backpack Theft"}]},{"@type":"WebSite","@id":"https:\/\/www.agencedh.org\/en\/#website","url":"https:\/\/www.agencedh.org\/en\/","name":"Human Rights Agency","description":"The HRA seeks to cooperate with African citizens, and African NGOs, as correspondents, to fight for human rights in their regions.","potentialAction":[{"@type":"SearchAction","target":{"@type":"EntryPoint","urlTemplate":"https:\/\/www.agencedh.org\/en\/?s={search_term_string}"},"query-input":{"@type":"PropertyValueSpecification","valueRequired":true,"valueName":"search_term_string"}}],"inLanguage":"fr-FR"},{"@type":"Person","@id":"https:\/\/www.agencedh.org\/en\/#\/schema\/person\/e96efebcc4d17188d822aecf3d196f78","name":"agencenadmin","image":{"@type":"ImageObject","inLanguage":"fr-FR","@id":"https:\/\/www.agencedh.org\/en\/#\/schema\/person\/image\/","url":"https:\/\/secure.gravatar.com\/avatar\/ff952971b712533bbeb7ed4dad462caf467e53008f4223eb6ea306b5c3c0220b?s=96&d=mm&r=g","contentUrl":"https:\/\/secure.gravatar.com\/avatar\/ff952971b712533bbeb7ed4dad462caf467e53008f4223eb6ea306b5c3c0220b?s=96&d=mm&r=g","caption":"agencenadmin"},"sameAs":["https:\/\/www.agencedh.org\/en"],"url":"https:\/\/www.agencedh.org\/en\/author\/agencenadmin\/"}]}},"rttpg_featured_image_url":{"full":["https:\/\/www.agencedh.org\/en\/wp-content\/uploads\/2015\/04\/us2.jpg",467,359,false],"landscape":["https:\/\/www.agencedh.org\/en\/wp-content\/uploads\/2015\/04\/us2.jpg",467,359,false],"portraits":["https:\/\/www.agencedh.org\/en\/wp-content\/uploads\/2015\/04\/us2.jpg",467,359,false],"thumbnail":["https:\/\/www.agencedh.org\/en\/wp-content\/uploads\/2015\/04\/us2-150x150.jpg",150,150,true],"medium":["https:\/\/www.agencedh.org\/en\/wp-content\/uploads\/2015\/04\/us2-300x231.jpg",300,231,true],"large":["https:\/\/www.agencedh.org\/en\/wp-content\/uploads\/2015\/04\/us2.jpg",467,359,false],"1536x1536":["https:\/\/www.agencedh.org\/en\/wp-content\/uploads\/2015\/04\/us2.jpg",467,359,false],"2048x2048":["https:\/\/www.agencedh.org\/en\/wp-content\/uploads\/2015\/04\/us2.jpg",467,359,false],"wpvqgr-square-answer":["https:\/\/www.agencedh.org\/en\/wp-content\/uploads\/2015\/04\/us2-300x300.jpg",300,300,true],"magplus-small-hor":["https:\/\/www.agencedh.org\/en\/wp-content\/uploads\/2015\/04\/us2-110x81.jpg",110,81,true],"magplus-small":["https:\/\/www.agencedh.org\/en\/wp-content\/uploads\/2015\/04\/us2-183x96.jpg",183,96,true],"magplus-small-ver":["https:\/\/www.agencedh.org\/en\/wp-content\/uploads\/2015\/04\/us2-225x305.jpg",225,305,true],"magplus-small-alt":["https:\/\/www.agencedh.org\/en\/wp-content\/uploads\/2015\/04\/us2-80x80.jpg",80,80,true],"magplus-medium":["https:\/\/www.agencedh.org\/en\/wp-content\/uploads\/2015\/04\/us2-394x218.jpg",394,218,true],"magplus-medium-ver":["https:\/\/www.agencedh.org\/en\/wp-content\/uploads\/2015\/04\/us2-288x180.jpg",288,180,true],"magplus-medium-hor":["https:\/\/www.agencedh.org\/en\/wp-content\/uploads\/2015\/04\/us2-335x160.jpg",335,160,true],"magplus-medium-alt":["https:\/\/www.agencedh.org\/en\/wp-content\/uploads\/2015\/04\/us2-290x162.jpg",290,162,true],"magplus-big-alt":["https:\/\/www.agencedh.org\/en\/wp-content\/uploads\/2015\/04\/us2.jpg",467,359,false],"magplus-big":["https:\/\/www.agencedh.org\/en\/wp-content\/uploads\/2015\/04\/us2.jpg",467,359,false],"magplus-big-alt-2":["https:\/\/www.agencedh.org\/en\/wp-content\/uploads\/2015\/04\/us2-467x307.jpg",467,307,true]},"rttpg_author":{"display_name":"agencenadmin","author_link":"https:\/\/www.agencedh.org\/en\/author\/agencenadmin\/"},"rttpg_comment":0,"rttpg_category":"<a href=\"https:\/\/www.agencedh.org\/en\/category\/america\/\" rel=\"category tag\">America<\/a>","rttpg_excerpt":"Explosive video obtained by The New Yorker depicts extreme violence inside New York City\u2019s Rikers Island jail complex. Surveillance camera footage shows former teenage prisoner, Kalief Browder, being abused on two separate occasions. In one clip from 2012, the teenager is seen inside Rikers\u2019 Central Punitive Segregation Unit, better known as the Bing. As a\u2026","_links":{"self":[{"href":"https:\/\/www.agencedh.org\/en\/wp-json\/wp\/v2\/posts\/1347","targetHints":{"allow":["GET"]}}],"collection":[{"href":"https:\/\/www.agencedh.org\/en\/wp-json\/wp\/v2\/posts"}],"about":[{"href":"https:\/\/www.agencedh.org\/en\/wp-json\/wp\/v2\/types\/post"}],"author":[{"embeddable":true,"href":"https:\/\/www.agencedh.org\/en\/wp-json\/wp\/v2\/users\/1"}],"replies":[{"embeddable":true,"href":"https:\/\/www.agencedh.org\/en\/wp-json\/wp\/v2\/comments?post=1347"}],"version-history":[{"count":0,"href":"https:\/\/www.agencedh.org\/en\/wp-json\/wp\/v2\/posts\/1347\/revisions"}],"wp:featuredmedia":[{"embeddable":true,"href":"https:\/\/www.agencedh.org\/en\/wp-json\/wp\/v2\/media\/1348"}],"wp:attachment":[{"href":"https:\/\/www.agencedh.org\/en\/wp-json\/wp\/v2\/media?parent=1347"}],"wp:term":[{"taxonomy":"category","embeddable":true,"href":"https:\/\/www.agencedh.org\/en\/wp-json\/wp\/v2\/categories?post=1347"},{"taxonomy":"post_tag","embeddable":true,"href":"https:\/\/www.agencedh.org\/en\/wp-json\/wp\/v2\/tags?post=1347"}],"curies":[{"name":"wp","href":"https:\/\/api.w.org\/{rel}","templated":true}]}}