{"id":1425,"date":"2015-05-09T13:06:17","date_gmt":"2015-05-09T13:06:17","guid":{"rendered":"http:\/\/en.humanrightsagency.com\/?p=1425"},"modified":"2015-05-09T13:06:17","modified_gmt":"2015-05-09T13:06:17","slug":"ethiopians-nabbed-in-demos-say-abused-by-israeli-police","status":"publish","type":"post","link":"https:\/\/www.agencedh.org\/en\/ethiopians-nabbed-in-demos-say-abused-by-israeli-police\/","title":{"rendered":"Ethiopians nabbed in demos say abused by Israeli police"},"content":{"rendered":"<p>A number of Ethiopians arrested during last week&#8217;s protests against the Tel Aviv regime\u2019s racism and police brutality say they were abused while in custody.<\/p>\n<p>The Ethiopians said the Israeli police denied them medical treatment although they were badly beaten and did not allow them out to relieve themselves, Israeli newspaper Haaretz reported on Friday.<\/p>\n<p>Describing the police conduct as brutal and contemptuous, those nabbed also emphasized that they would not have been treated that way if they had different skin color.<\/p>\n<p>Nebo Ari Bako, one of the protesters arrested, was quoted as saying that he had his jaw and several of his teeth broken after a policeman pulled his hair, choked him and twisted his arm while another officer hit him in the face and back of the head with a police radio.<\/p>\n<p>Bako further noted that he was taken to Meir Hospital for treatment some three hours later after he was wounded.<\/p>\n<p>On May 3, thousands of Ethiopians took to the streets of the city of Tel Aviv, calling for an investigation into institutionalized discrimination and violence exercised by Israeli police against Africans.<\/p>\n<p>Protesters chanted and carried placards reading, &#8220;A violent policeman must be put in prison&#8221; and &#8220;We demand equal rights&#8221;.<\/p>\n<p>Last week&#8217;s protests turned violent with dozens injured and several demonstrators arrested.<\/p>\n<p>A similar march was held on April 30 in East al-Quds (Jerusalem) during which Israeli security forces clashed with the Ethiopian protesters.<\/p>\n<p>The rally came after a video emerged showing an Ethiopian being beaten by police in a racist attack.<\/p>\n<p>Ethiopians have long complained about unfair treatment and police violence in Israel. Thousands of Jews of Ethiopian origin, who are living in the occupied Palestinian territories, are treated as third-class citizens.<\/p>\n","protected":false},"excerpt":{"rendered":"<p>A number of Ethiopians arrested during last week&#8217;s protests against the Tel Aviv regime\u2019s racism and police brutality say they were abused while in custody. The Ethiopians said the Israeli police denied them medical treatment although they were badly beaten and did not allow them out to relieve themselves, Israeli newspaper Haaretz reported on Friday. [&hellip;]<\/p>\n","protected":false},"author":1,"featured_media":1426,"comment_status":"closed","ping_status":"closed","sticky":false,"template":"","format":"standard","meta":{"footnotes":""},"categories":[48,54],"tags":[],"class_list":["post-1425","post","type-post","status-publish","format-standard","has-post-thumbnail","hentry","category-africa","category-middle-east"],"yoast_head":"<!-- This site is optimized with the Yoast SEO plugin v24.0 - https:\/\/yoast.com\/wordpress\/plugins\/seo\/ -->\n<title>Ethiopians nabbed in demos say abused by Israeli police<\/title>\n<meta name=\"robots\" content=\"index, follow, max-snippet:-1, max-image-preview:large, max-video-preview:-1\" \/>\n<link rel=\"canonical\" href=\"https:\/\/www.agencedh.org\/en\/ethiopians-nabbed-in-demos-say-abused-by-israeli-police\/\" \/>\n<meta property=\"og:locale\" content=\"fr_FR\" \/>\n<meta property=\"og:type\" content=\"article\" \/>\n<meta property=\"og:title\" content=\"Ethiopians nabbed in demos say abused by Israeli police\" \/>\n<meta property=\"og:description\" content=\"A number of Ethiopians arrested during last week&#8217;s protests against the Tel Aviv regime\u2019s racism and police brutality say they were abused while in custody. The Ethiopians said the Israeli police denied them medical treatment although they were badly beaten and did not allow them out to relieve themselves, Israeli newspaper Haaretz reported on Friday. [&hellip;]\" \/>\n<meta property=\"og:url\" content=\"https:\/\/www.agencedh.org\/en\/ethiopians-nabbed-in-demos-say-abused-by-israeli-police\/\" \/>\n<meta property=\"og:site_name\" content=\"Human Rights Agency\" \/>\n<meta property=\"article:published_time\" content=\"2015-05-09T13:06:17+00:00\" \/>\n<meta property=\"og:image\" content=\"https:\/\/www.agencedh.org\/en\/wp-content\/uploads\/2015\/05\/israel-09.jpg\" \/>\n\t<meta property=\"og:image:width\" content=\"745\" \/>\n\t<meta property=\"og:image:height\" content=\"516\" \/>\n\t<meta property=\"og:image:type\" content=\"image\/jpeg\" \/>\n<meta name=\"author\" content=\"agencenadmin\" \/>\n<meta name=\"twitter:card\" content=\"summary_large_image\" \/>\n<meta name=\"twitter:label1\" content=\"\u00c9crit par\" \/>\n\t<meta name=\"twitter:data1\" content=\"agencenadmin\" \/>\n\t<meta name=\"twitter:label2\" content=\"Dur\u00e9e de lecture estim\u00e9e\" \/>\n\t<meta name=\"twitter:data2\" content=\"1 minute\" \/>\n<script type=\"application\/ld+json\" class=\"yoast-schema-graph\">{\"@context\":\"https:\/\/schema.org\",\"@graph\":[{\"@type\":\"WebPage\",\"@id\":\"https:\/\/www.agencedh.org\/en\/ethiopians-nabbed-in-demos-say-abused-by-israeli-police\/\",\"url\":\"https:\/\/www.agencedh.org\/en\/ethiopians-nabbed-in-demos-say-abused-by-israeli-police\/\",\"name\":\"Ethiopians nabbed in demos say abused by Israeli police\",\"isPartOf\":{\"@id\":\"https:\/\/www.agencedh.org\/en\/#website\"},\"primaryImageOfPage\":{\"@id\":\"https:\/\/www.agencedh.org\/en\/ethiopians-nabbed-in-demos-say-abused-by-israeli-police\/#primaryimage\"},\"image\":{\"@id\":\"https:\/\/www.agencedh.org\/en\/ethiopians-nabbed-in-demos-say-abused-by-israeli-police\/#primaryimage\"},\"thumbnailUrl\":\"https:\/\/www.agencedh.org\/en\/wp-content\/uploads\/2015\/05\/israel-09.jpg\",\"datePublished\":\"2015-05-09T13:06:17+00:00\",\"dateModified\":\"2015-05-09T13:06:17+00:00\",\"author\":{\"@id\":\"https:\/\/www.agencedh.org\/en\/#\/schema\/person\/e96efebcc4d17188d822aecf3d196f78\"},\"breadcrumb\":{\"@id\":\"https:\/\/www.agencedh.org\/en\/ethiopians-nabbed-in-demos-say-abused-by-israeli-police\/#breadcrumb\"},\"inLanguage\":\"fr-FR\",\"potentialAction\":[{\"@type\":\"ReadAction\",\"target\":[\"https:\/\/www.agencedh.org\/en\/ethiopians-nabbed-in-demos-say-abused-by-israeli-police\/\"]}]},{\"@type\":\"ImageObject\",\"inLanguage\":\"fr-FR\",\"@id\":\"https:\/\/www.agencedh.org\/en\/ethiopians-nabbed-in-demos-say-abused-by-israeli-police\/#primaryimage\",\"url\":\"https:\/\/www.agencedh.org\/en\/wp-content\/uploads\/2015\/05\/israel-09.jpg\",\"contentUrl\":\"https:\/\/www.agencedh.org\/en\/wp-content\/uploads\/2015\/05\/israel-09.jpg\",\"width\":745,\"height\":516},{\"@type\":\"BreadcrumbList\",\"@id\":\"https:\/\/www.agencedh.org\/en\/ethiopians-nabbed-in-demos-say-abused-by-israeli-police\/#breadcrumb\",\"itemListElement\":[{\"@type\":\"ListItem\",\"position\":1,\"name\":\"Accueil\",\"item\":\"https:\/\/www.agencedh.org\/en\/\"},{\"@type\":\"ListItem\",\"position\":2,\"name\":\"Ethiopians nabbed in demos say abused by Israeli police\"}]},{\"@type\":\"WebSite\",\"@id\":\"https:\/\/www.agencedh.org\/en\/#website\",\"url\":\"https:\/\/www.agencedh.org\/en\/\",\"name\":\"Human Rights Agency\",\"description\":\"The HRA seeks to cooperate with African citizens, and African NGOs, as correspondents, to fight for human rights in their regions.\",\"potentialAction\":[{\"@type\":\"SearchAction\",\"target\":{\"@type\":\"EntryPoint\",\"urlTemplate\":\"https:\/\/www.agencedh.org\/en\/?s={search_term_string}\"},\"query-input\":{\"@type\":\"PropertyValueSpecification\",\"valueRequired\":true,\"valueName\":\"search_term_string\"}}],\"inLanguage\":\"fr-FR\"},{\"@type\":\"Person\",\"@id\":\"https:\/\/www.agencedh.org\/en\/#\/schema\/person\/e96efebcc4d17188d822aecf3d196f78\",\"name\":\"agencenadmin\",\"image\":{\"@type\":\"ImageObject\",\"inLanguage\":\"fr-FR\",\"@id\":\"https:\/\/www.agencedh.org\/en\/#\/schema\/person\/image\/\",\"url\":\"https:\/\/secure.gravatar.com\/avatar\/ff952971b712533bbeb7ed4dad462caf467e53008f4223eb6ea306b5c3c0220b?s=96&d=mm&r=g\",\"contentUrl\":\"https:\/\/secure.gravatar.com\/avatar\/ff952971b712533bbeb7ed4dad462caf467e53008f4223eb6ea306b5c3c0220b?s=96&d=mm&r=g\",\"caption\":\"agencenadmin\"},\"sameAs\":[\"https:\/\/www.agencedh.org\/en\"],\"url\":\"https:\/\/www.agencedh.org\/en\/author\/agencenadmin\/\"}]}<\/script>\n<!-- \/ Yoast SEO plugin. -->","yoast_head_json":{"title":"Ethiopians nabbed in demos say abused by Israeli police","robots":{"index":"index","follow":"follow","max-snippet":"max-snippet:-1","max-image-preview":"max-image-preview:large","max-video-preview":"max-video-preview:-1"},"canonical":"https:\/\/www.agencedh.org\/en\/ethiopians-nabbed-in-demos-say-abused-by-israeli-police\/","og_locale":"fr_FR","og_type":"article","og_title":"Ethiopians nabbed in demos say abused by Israeli police","og_description":"A number of Ethiopians arrested during last week&#8217;s protests against the Tel Aviv regime\u2019s racism and police brutality say they were abused while in custody. The Ethiopians said the Israeli police denied them medical treatment although they were badly beaten and did not allow them out to relieve themselves, Israeli newspaper Haaretz reported on Friday. [&hellip;]","og_url":"https:\/\/www.agencedh.org\/en\/ethiopians-nabbed-in-demos-say-abused-by-israeli-police\/","og_site_name":"Human Rights Agency","article_published_time":"2015-05-09T13:06:17+00:00","og_image":[{"width":745,"height":516,"url":"https:\/\/www.agencedh.org\/en\/wp-content\/uploads\/2015\/05\/israel-09.jpg","type":"image\/jpeg"}],"author":"agencenadmin","twitter_card":"summary_large_image","twitter_misc":{"\u00c9crit par":"agencenadmin","Dur\u00e9e de lecture estim\u00e9e":"1 minute"},"schema":{"@context":"https:\/\/schema.org","@graph":[{"@type":"WebPage","@id":"https:\/\/www.agencedh.org\/en\/ethiopians-nabbed-in-demos-say-abused-by-israeli-police\/","url":"https:\/\/www.agencedh.org\/en\/ethiopians-nabbed-in-demos-say-abused-by-israeli-police\/","name":"Ethiopians nabbed in demos say abused by Israeli police","isPartOf":{"@id":"https:\/\/www.agencedh.org\/en\/#website"},"primaryImageOfPage":{"@id":"https:\/\/www.agencedh.org\/en\/ethiopians-nabbed-in-demos-say-abused-by-israeli-police\/#primaryimage"},"image":{"@id":"https:\/\/www.agencedh.org\/en\/ethiopians-nabbed-in-demos-say-abused-by-israeli-police\/#primaryimage"},"thumbnailUrl":"https:\/\/www.agencedh.org\/en\/wp-content\/uploads\/2015\/05\/israel-09.jpg","datePublished":"2015-05-09T13:06:17+00:00","dateModified":"2015-05-09T13:06:17+00:00","author":{"@id":"https:\/\/www.agencedh.org\/en\/#\/schema\/person\/e96efebcc4d17188d822aecf3d196f78"},"breadcrumb":{"@id":"https:\/\/www.agencedh.org\/en\/ethiopians-nabbed-in-demos-say-abused-by-israeli-police\/#breadcrumb"},"inLanguage":"fr-FR","potentialAction":[{"@type":"ReadAction","target":["https:\/\/www.agencedh.org\/en\/ethiopians-nabbed-in-demos-say-abused-by-israeli-police\/"]}]},{"@type":"ImageObject","inLanguage":"fr-FR","@id":"https:\/\/www.agencedh.org\/en\/ethiopians-nabbed-in-demos-say-abused-by-israeli-police\/#primaryimage","url":"https:\/\/www.agencedh.org\/en\/wp-content\/uploads\/2015\/05\/israel-09.jpg","contentUrl":"https:\/\/www.agencedh.org\/en\/wp-content\/uploads\/2015\/05\/israel-09.jpg","width":745,"height":516},{"@type":"BreadcrumbList","@id":"https:\/\/www.agencedh.org\/en\/ethiopians-nabbed-in-demos-say-abused-by-israeli-police\/#breadcrumb","itemListElement":[{"@type":"ListItem","position":1,"name":"Accueil","item":"https:\/\/www.agencedh.org\/en\/"},{"@type":"ListItem","position":2,"name":"Ethiopians nabbed in demos say abused by Israeli police"}]},{"@type":"WebSite","@id":"https:\/\/www.agencedh.org\/en\/#website","url":"https:\/\/www.agencedh.org\/en\/","name":"Human Rights Agency","description":"The HRA seeks to cooperate with African citizens, and African NGOs, as correspondents, to fight for human rights in their regions.","potentialAction":[{"@type":"SearchAction","target":{"@type":"EntryPoint","urlTemplate":"https:\/\/www.agencedh.org\/en\/?s={search_term_string}"},"query-input":{"@type":"PropertyValueSpecification","valueRequired":true,"valueName":"search_term_string"}}],"inLanguage":"fr-FR"},{"@type":"Person","@id":"https:\/\/www.agencedh.org\/en\/#\/schema\/person\/e96efebcc4d17188d822aecf3d196f78","name":"agencenadmin","image":{"@type":"ImageObject","inLanguage":"fr-FR","@id":"https:\/\/www.agencedh.org\/en\/#\/schema\/person\/image\/","url":"https:\/\/secure.gravatar.com\/avatar\/ff952971b712533bbeb7ed4dad462caf467e53008f4223eb6ea306b5c3c0220b?s=96&d=mm&r=g","contentUrl":"https:\/\/secure.gravatar.com\/avatar\/ff952971b712533bbeb7ed4dad462caf467e53008f4223eb6ea306b5c3c0220b?s=96&d=mm&r=g","caption":"agencenadmin"},"sameAs":["https:\/\/www.agencedh.org\/en"],"url":"https:\/\/www.agencedh.org\/en\/author\/agencenadmin\/"}]}},"rttpg_featured_image_url":{"full":["https:\/\/www.agencedh.org\/en\/wp-content\/uploads\/2015\/05\/israel-09.jpg",745,516,false],"landscape":["https:\/\/www.agencedh.org\/en\/wp-content\/uploads\/2015\/05\/israel-09.jpg",745,516,false],"portraits":["https:\/\/www.agencedh.org\/en\/wp-content\/uploads\/2015\/05\/israel-09.jpg",745,516,false],"thumbnail":["https:\/\/www.agencedh.org\/en\/wp-content\/uploads\/2015\/05\/israel-09-150x150.jpg",150,150,true],"medium":["https:\/\/www.agencedh.org\/en\/wp-content\/uploads\/2015\/05\/israel-09-300x208.jpg",300,208,true],"large":["https:\/\/www.agencedh.org\/en\/wp-content\/uploads\/2015\/05\/israel-09.jpg",745,516,false],"1536x1536":["https:\/\/www.agencedh.org\/en\/wp-content\/uploads\/2015\/05\/israel-09.jpg",745,516,false],"2048x2048":["https:\/\/www.agencedh.org\/en\/wp-content\/uploads\/2015\/05\/israel-09.jpg",745,516,false],"wpvqgr-square-answer":["https:\/\/www.agencedh.org\/en\/wp-content\/uploads\/2015\/05\/israel-09-300x300.jpg",300,300,true],"magplus-small-hor":["https:\/\/www.agencedh.org\/en\/wp-content\/uploads\/2015\/05\/israel-09-110x81.jpg",110,81,true],"magplus-small":["https:\/\/www.agencedh.org\/en\/wp-content\/uploads\/2015\/05\/israel-09-183x96.jpg",183,96,true],"magplus-small-ver":["https:\/\/www.agencedh.org\/en\/wp-content\/uploads\/2015\/05\/israel-09-225x305.jpg",225,305,true],"magplus-small-alt":["https:\/\/www.agencedh.org\/en\/wp-content\/uploads\/2015\/05\/israel-09-80x80.jpg",80,80,true],"magplus-medium":["https:\/\/www.agencedh.org\/en\/wp-content\/uploads\/2015\/05\/israel-09-394x218.jpg",394,218,true],"magplus-medium-ver":["https:\/\/www.agencedh.org\/en\/wp-content\/uploads\/2015\/05\/israel-09-288x180.jpg",288,180,true],"magplus-medium-hor":["https:\/\/www.agencedh.org\/en\/wp-content\/uploads\/2015\/05\/israel-09-335x160.jpg",335,160,true],"magplus-medium-alt":["https:\/\/www.agencedh.org\/en\/wp-content\/uploads\/2015\/05\/israel-09-290x162.jpg",290,162,true],"magplus-big-alt":["https:\/\/www.agencedh.org\/en\/wp-content\/uploads\/2015\/05\/israel-09-608x505.jpg",608,505,true],"magplus-big":["https:\/\/www.agencedh.org\/en\/wp-content\/uploads\/2015\/05\/israel-09-745x394.jpg",745,394,true],"magplus-big-alt-2":["https:\/\/www.agencedh.org\/en\/wp-content\/uploads\/2015\/05\/israel-09-537x307.jpg",537,307,true]},"rttpg_author":{"display_name":"agencenadmin","author_link":"https:\/\/www.agencedh.org\/en\/author\/agencenadmin\/"},"rttpg_comment":0,"rttpg_category":"<a href=\"https:\/\/www.agencedh.org\/en\/category\/africa\/\" rel=\"category tag\">Africa<\/a> <a href=\"https:\/\/www.agencedh.org\/en\/category\/middle-east\/\" rel=\"category tag\">Middle East<\/a>","rttpg_excerpt":"A number of Ethiopians arrested during last week&#8217;s protests against the Tel Aviv regime\u2019s racism and police brutality say they were abused while in custody. The Ethiopians said the Israeli police denied them medical treatment although they were badly beaten and did not allow them out to relieve themselves, Israeli newspaper Haaretz reported on Friday.\u2026","_links":{"self":[{"href":"https:\/\/www.agencedh.org\/en\/wp-json\/wp\/v2\/posts\/1425","targetHints":{"allow":["GET"]}}],"collection":[{"href":"https:\/\/www.agencedh.org\/en\/wp-json\/wp\/v2\/posts"}],"about":[{"href":"https:\/\/www.agencedh.org\/en\/wp-json\/wp\/v2\/types\/post"}],"author":[{"embeddable":true,"href":"https:\/\/www.agencedh.org\/en\/wp-json\/wp\/v2\/users\/1"}],"replies":[{"embeddable":true,"href":"https:\/\/www.agencedh.org\/en\/wp-json\/wp\/v2\/comments?post=1425"}],"version-history":[{"count":0,"href":"https:\/\/www.agencedh.org\/en\/wp-json\/wp\/v2\/posts\/1425\/revisions"}],"wp:featuredmedia":[{"embeddable":true,"href":"https:\/\/www.agencedh.org\/en\/wp-json\/wp\/v2\/media\/1426"}],"wp:attachment":[{"href":"https:\/\/www.agencedh.org\/en\/wp-json\/wp\/v2\/media?parent=1425"}],"wp:term":[{"taxonomy":"category","embeddable":true,"href":"https:\/\/www.agencedh.org\/en\/wp-json\/wp\/v2\/categories?post=1425"},{"taxonomy":"post_tag","embeddable":true,"href":"https:\/\/www.agencedh.org\/en\/wp-json\/wp\/v2\/tags?post=1425"}],"curies":[{"name":"wp","href":"https:\/\/api.w.org\/{rel}","templated":true}]}}