{"id":2031,"date":"2015-08-14T14:57:23","date_gmt":"2015-08-14T14:57:23","guid":{"rendered":"http:\/\/en.humanrightsagency.com\/?p=2031"},"modified":"2015-08-14T14:57:23","modified_gmt":"2015-08-14T14:57:23","slug":"indigenous-communities-lead-anti-government-protests-in-ecuador","status":"publish","type":"post","link":"https:\/\/www.agencedh.org\/en\/indigenous-communities-lead-anti-government-protests-in-ecuador\/","title":{"rendered":"Indigenous communities lead anti-government protests in Ecuador"},"content":{"rendered":"<p>Demonstrators have taken to the streets of Ecuador to protest the President\u2019s moves to seek a fourth term.<\/p>\n<p>Indigenous demonstrators blocked roads in six of 24 provinces, while others made the 800km trek to the capital Quito calling for a general strike alongside trade unions.<\/p>\n<p>Previous supporters of Rafael Correa, the indigenous peoples say he has failed to deliver on promises of social programmes and income inequality.<\/p>\n<p>They also criticised his proposed constitutional reforms which they believe would allow him to stand for reelection indefinitely.<\/p>\n<p>Government supporters surrounded the presidential offices to block what Correa said could become a coup attempt as protesters clashed with police in the capital.<\/p>\n<p>Discontent has been rising as the oil-producing country experiences an economic slowdown, in part triggered by the fall in crude prices.<br \/>\neuronews<\/p>\n","protected":false},"excerpt":{"rendered":"<p>Demonstrators have taken to the streets of Ecuador to protest the President\u2019s moves to seek a fourth term. Indigenous demonstrators blocked roads in six of 24 provinces, while others made the 800km trek to the capital Quito calling for a general strike alongside trade unions. Previous supporters of Rafael Correa, the indigenous peoples say he [&hellip;]<\/p>\n","protected":false},"author":1,"featured_media":2032,"comment_status":"closed","ping_status":"closed","sticky":false,"template":"","format":"standard","meta":{"footnotes":""},"categories":[50,483],"tags":[515,246,516,517],"class_list":["post-2031","post","type-post","status-publish","format-standard","has-post-thumbnail","hentry","category-america","category-recent-news","tag-anti-government-protests","tag-communities","tag-ecuador","tag-indigenous"],"yoast_head":"<!-- This site is optimized with the Yoast SEO plugin v24.0 - https:\/\/yoast.com\/wordpress\/plugins\/seo\/ -->\n<title>Indigenous communities lead anti-government protests in Ecuador<\/title>\n<meta name=\"description\" content=\"Indigenous communities lead anti-government protests in Ecuador\" \/>\n<meta name=\"robots\" content=\"index, follow, max-snippet:-1, max-image-preview:large, max-video-preview:-1\" \/>\n<link rel=\"canonical\" href=\"https:\/\/www.agencedh.org\/en\/indigenous-communities-lead-anti-government-protests-in-ecuador\/\" \/>\n<meta property=\"og:locale\" content=\"fr_FR\" \/>\n<meta property=\"og:type\" content=\"article\" \/>\n<meta property=\"og:title\" content=\"Indigenous communities lead anti-government protests in Ecuador\" \/>\n<meta property=\"og:description\" content=\"Indigenous communities lead anti-government protests in Ecuador\" \/>\n<meta property=\"og:url\" content=\"https:\/\/www.agencedh.org\/en\/indigenous-communities-lead-anti-government-protests-in-ecuador\/\" \/>\n<meta property=\"og:site_name\" content=\"Human Rights Agency\" \/>\n<meta property=\"article:published_time\" content=\"2015-08-14T14:57:23+00:00\" \/>\n<meta property=\"og:image\" content=\"https:\/\/www.agencedh.org\/en\/wp-content\/uploads\/2015\/08\/eqateur.jpg\" \/>\n\t<meta property=\"og:image:width\" content=\"529\" \/>\n\t<meta property=\"og:image:height\" content=\"268\" \/>\n\t<meta property=\"og:image:type\" content=\"image\/jpeg\" \/>\n<meta name=\"author\" content=\"agencenadmin\" \/>\n<meta name=\"twitter:card\" content=\"summary_large_image\" \/>\n<meta name=\"twitter:label1\" content=\"\u00c9crit par\" \/>\n\t<meta name=\"twitter:data1\" content=\"agencenadmin\" \/>\n\t<meta name=\"twitter:label2\" content=\"Dur\u00e9e de lecture estim\u00e9e\" \/>\n\t<meta name=\"twitter:data2\" content=\"1 minute\" \/>\n<script type=\"application\/ld+json\" class=\"yoast-schema-graph\">{\"@context\":\"https:\/\/schema.org\",\"@graph\":[{\"@type\":\"WebPage\",\"@id\":\"https:\/\/www.agencedh.org\/en\/indigenous-communities-lead-anti-government-protests-in-ecuador\/\",\"url\":\"https:\/\/www.agencedh.org\/en\/indigenous-communities-lead-anti-government-protests-in-ecuador\/\",\"name\":\"Indigenous communities lead anti-government protests in Ecuador\",\"isPartOf\":{\"@id\":\"https:\/\/www.agencedh.org\/en\/#website\"},\"primaryImageOfPage\":{\"@id\":\"https:\/\/www.agencedh.org\/en\/indigenous-communities-lead-anti-government-protests-in-ecuador\/#primaryimage\"},\"image\":{\"@id\":\"https:\/\/www.agencedh.org\/en\/indigenous-communities-lead-anti-government-protests-in-ecuador\/#primaryimage\"},\"thumbnailUrl\":\"https:\/\/www.agencedh.org\/en\/wp-content\/uploads\/2015\/08\/eqateur.jpg\",\"datePublished\":\"2015-08-14T14:57:23+00:00\",\"dateModified\":\"2015-08-14T14:57:23+00:00\",\"author\":{\"@id\":\"https:\/\/www.agencedh.org\/en\/#\/schema\/person\/e96efebcc4d17188d822aecf3d196f78\"},\"description\":\"Indigenous communities lead anti-government protests in Ecuador\",\"breadcrumb\":{\"@id\":\"https:\/\/www.agencedh.org\/en\/indigenous-communities-lead-anti-government-protests-in-ecuador\/#breadcrumb\"},\"inLanguage\":\"fr-FR\",\"potentialAction\":[{\"@type\":\"ReadAction\",\"target\":[\"https:\/\/www.agencedh.org\/en\/indigenous-communities-lead-anti-government-protests-in-ecuador\/\"]}]},{\"@type\":\"ImageObject\",\"inLanguage\":\"fr-FR\",\"@id\":\"https:\/\/www.agencedh.org\/en\/indigenous-communities-lead-anti-government-protests-in-ecuador\/#primaryimage\",\"url\":\"https:\/\/www.agencedh.org\/en\/wp-content\/uploads\/2015\/08\/eqateur.jpg\",\"contentUrl\":\"https:\/\/www.agencedh.org\/en\/wp-content\/uploads\/2015\/08\/eqateur.jpg\",\"width\":529,\"height\":268},{\"@type\":\"BreadcrumbList\",\"@id\":\"https:\/\/www.agencedh.org\/en\/indigenous-communities-lead-anti-government-protests-in-ecuador\/#breadcrumb\",\"itemListElement\":[{\"@type\":\"ListItem\",\"position\":1,\"name\":\"Accueil\",\"item\":\"https:\/\/www.agencedh.org\/en\/\"},{\"@type\":\"ListItem\",\"position\":2,\"name\":\"Indigenous communities lead anti-government protests in Ecuador\"}]},{\"@type\":\"WebSite\",\"@id\":\"https:\/\/www.agencedh.org\/en\/#website\",\"url\":\"https:\/\/www.agencedh.org\/en\/\",\"name\":\"Human Rights Agency\",\"description\":\"The HRA seeks to cooperate with African citizens, and African NGOs, as correspondents, to fight for human rights in their regions.\",\"potentialAction\":[{\"@type\":\"SearchAction\",\"target\":{\"@type\":\"EntryPoint\",\"urlTemplate\":\"https:\/\/www.agencedh.org\/en\/?s={search_term_string}\"},\"query-input\":{\"@type\":\"PropertyValueSpecification\",\"valueRequired\":true,\"valueName\":\"search_term_string\"}}],\"inLanguage\":\"fr-FR\"},{\"@type\":\"Person\",\"@id\":\"https:\/\/www.agencedh.org\/en\/#\/schema\/person\/e96efebcc4d17188d822aecf3d196f78\",\"name\":\"agencenadmin\",\"image\":{\"@type\":\"ImageObject\",\"inLanguage\":\"fr-FR\",\"@id\":\"https:\/\/www.agencedh.org\/en\/#\/schema\/person\/image\/\",\"url\":\"https:\/\/secure.gravatar.com\/avatar\/ff952971b712533bbeb7ed4dad462caf467e53008f4223eb6ea306b5c3c0220b?s=96&d=mm&r=g\",\"contentUrl\":\"https:\/\/secure.gravatar.com\/avatar\/ff952971b712533bbeb7ed4dad462caf467e53008f4223eb6ea306b5c3c0220b?s=96&d=mm&r=g\",\"caption\":\"agencenadmin\"},\"sameAs\":[\"https:\/\/www.agencedh.org\/en\"],\"url\":\"https:\/\/www.agencedh.org\/en\/author\/agencenadmin\/\"}]}<\/script>\n<!-- \/ Yoast SEO plugin. -->","yoast_head_json":{"title":"Indigenous communities lead anti-government protests in Ecuador","description":"Indigenous communities lead anti-government protests in Ecuador","robots":{"index":"index","follow":"follow","max-snippet":"max-snippet:-1","max-image-preview":"max-image-preview:large","max-video-preview":"max-video-preview:-1"},"canonical":"https:\/\/www.agencedh.org\/en\/indigenous-communities-lead-anti-government-protests-in-ecuador\/","og_locale":"fr_FR","og_type":"article","og_title":"Indigenous communities lead anti-government protests in Ecuador","og_description":"Indigenous communities lead anti-government protests in Ecuador","og_url":"https:\/\/www.agencedh.org\/en\/indigenous-communities-lead-anti-government-protests-in-ecuador\/","og_site_name":"Human Rights Agency","article_published_time":"2015-08-14T14:57:23+00:00","og_image":[{"width":529,"height":268,"url":"https:\/\/www.agencedh.org\/en\/wp-content\/uploads\/2015\/08\/eqateur.jpg","type":"image\/jpeg"}],"author":"agencenadmin","twitter_card":"summary_large_image","twitter_misc":{"\u00c9crit par":"agencenadmin","Dur\u00e9e de lecture estim\u00e9e":"1 minute"},"schema":{"@context":"https:\/\/schema.org","@graph":[{"@type":"WebPage","@id":"https:\/\/www.agencedh.org\/en\/indigenous-communities-lead-anti-government-protests-in-ecuador\/","url":"https:\/\/www.agencedh.org\/en\/indigenous-communities-lead-anti-government-protests-in-ecuador\/","name":"Indigenous communities lead anti-government protests in Ecuador","isPartOf":{"@id":"https:\/\/www.agencedh.org\/en\/#website"},"primaryImageOfPage":{"@id":"https:\/\/www.agencedh.org\/en\/indigenous-communities-lead-anti-government-protests-in-ecuador\/#primaryimage"},"image":{"@id":"https:\/\/www.agencedh.org\/en\/indigenous-communities-lead-anti-government-protests-in-ecuador\/#primaryimage"},"thumbnailUrl":"https:\/\/www.agencedh.org\/en\/wp-content\/uploads\/2015\/08\/eqateur.jpg","datePublished":"2015-08-14T14:57:23+00:00","dateModified":"2015-08-14T14:57:23+00:00","author":{"@id":"https:\/\/www.agencedh.org\/en\/#\/schema\/person\/e96efebcc4d17188d822aecf3d196f78"},"description":"Indigenous communities lead anti-government protests in Ecuador","breadcrumb":{"@id":"https:\/\/www.agencedh.org\/en\/indigenous-communities-lead-anti-government-protests-in-ecuador\/#breadcrumb"},"inLanguage":"fr-FR","potentialAction":[{"@type":"ReadAction","target":["https:\/\/www.agencedh.org\/en\/indigenous-communities-lead-anti-government-protests-in-ecuador\/"]}]},{"@type":"ImageObject","inLanguage":"fr-FR","@id":"https:\/\/www.agencedh.org\/en\/indigenous-communities-lead-anti-government-protests-in-ecuador\/#primaryimage","url":"https:\/\/www.agencedh.org\/en\/wp-content\/uploads\/2015\/08\/eqateur.jpg","contentUrl":"https:\/\/www.agencedh.org\/en\/wp-content\/uploads\/2015\/08\/eqateur.jpg","width":529,"height":268},{"@type":"BreadcrumbList","@id":"https:\/\/www.agencedh.org\/en\/indigenous-communities-lead-anti-government-protests-in-ecuador\/#breadcrumb","itemListElement":[{"@type":"ListItem","position":1,"name":"Accueil","item":"https:\/\/www.agencedh.org\/en\/"},{"@type":"ListItem","position":2,"name":"Indigenous communities lead anti-government protests in Ecuador"}]},{"@type":"WebSite","@id":"https:\/\/www.agencedh.org\/en\/#website","url":"https:\/\/www.agencedh.org\/en\/","name":"Human Rights Agency","description":"The HRA seeks to cooperate with African citizens, and African NGOs, as correspondents, to fight for human rights in their regions.","potentialAction":[{"@type":"SearchAction","target":{"@type":"EntryPoint","urlTemplate":"https:\/\/www.agencedh.org\/en\/?s={search_term_string}"},"query-input":{"@type":"PropertyValueSpecification","valueRequired":true,"valueName":"search_term_string"}}],"inLanguage":"fr-FR"},{"@type":"Person","@id":"https:\/\/www.agencedh.org\/en\/#\/schema\/person\/e96efebcc4d17188d822aecf3d196f78","name":"agencenadmin","image":{"@type":"ImageObject","inLanguage":"fr-FR","@id":"https:\/\/www.agencedh.org\/en\/#\/schema\/person\/image\/","url":"https:\/\/secure.gravatar.com\/avatar\/ff952971b712533bbeb7ed4dad462caf467e53008f4223eb6ea306b5c3c0220b?s=96&d=mm&r=g","contentUrl":"https:\/\/secure.gravatar.com\/avatar\/ff952971b712533bbeb7ed4dad462caf467e53008f4223eb6ea306b5c3c0220b?s=96&d=mm&r=g","caption":"agencenadmin"},"sameAs":["https:\/\/www.agencedh.org\/en"],"url":"https:\/\/www.agencedh.org\/en\/author\/agencenadmin\/"}]}},"rttpg_featured_image_url":{"full":["https:\/\/www.agencedh.org\/en\/wp-content\/uploads\/2015\/08\/eqateur.jpg",529,268,false],"landscape":["https:\/\/www.agencedh.org\/en\/wp-content\/uploads\/2015\/08\/eqateur.jpg",529,268,false],"portraits":["https:\/\/www.agencedh.org\/en\/wp-content\/uploads\/2015\/08\/eqateur.jpg",529,268,false],"thumbnail":["https:\/\/www.agencedh.org\/en\/wp-content\/uploads\/2015\/08\/eqateur-150x150.jpg",150,150,true],"medium":["https:\/\/www.agencedh.org\/en\/wp-content\/uploads\/2015\/08\/eqateur-300x152.jpg",300,152,true],"large":["https:\/\/www.agencedh.org\/en\/wp-content\/uploads\/2015\/08\/eqateur.jpg",529,268,false],"1536x1536":["https:\/\/www.agencedh.org\/en\/wp-content\/uploads\/2015\/08\/eqateur.jpg",529,268,false],"2048x2048":["https:\/\/www.agencedh.org\/en\/wp-content\/uploads\/2015\/08\/eqateur.jpg",529,268,false],"wpvqgr-square-answer":["https:\/\/www.agencedh.org\/en\/wp-content\/uploads\/2015\/08\/eqateur-300x268.jpg",300,268,true],"magplus-small-hor":["https:\/\/www.agencedh.org\/en\/wp-content\/uploads\/2015\/08\/eqateur-110x81.jpg",110,81,true],"magplus-small":["https:\/\/www.agencedh.org\/en\/wp-content\/uploads\/2015\/08\/eqateur-183x96.jpg",183,96,true],"magplus-small-ver":["https:\/\/www.agencedh.org\/en\/wp-content\/uploads\/2015\/08\/eqateur-225x268.jpg",225,268,true],"magplus-small-alt":["https:\/\/www.agencedh.org\/en\/wp-content\/uploads\/2015\/08\/eqateur-80x80.jpg",80,80,true],"magplus-medium":["https:\/\/www.agencedh.org\/en\/wp-content\/uploads\/2015\/08\/eqateur-394x218.jpg",394,218,true],"magplus-medium-ver":["https:\/\/www.agencedh.org\/en\/wp-content\/uploads\/2015\/08\/eqateur-288x180.jpg",288,180,true],"magplus-medium-hor":["https:\/\/www.agencedh.org\/en\/wp-content\/uploads\/2015\/08\/eqateur-335x160.jpg",335,160,true],"magplus-medium-alt":["https:\/\/www.agencedh.org\/en\/wp-content\/uploads\/2015\/08\/eqateur-290x162.jpg",290,162,true],"magplus-big-alt":["https:\/\/www.agencedh.org\/en\/wp-content\/uploads\/2015\/08\/eqateur.jpg",529,268,false],"magplus-big":["https:\/\/www.agencedh.org\/en\/wp-content\/uploads\/2015\/08\/eqateur.jpg",529,268,false],"magplus-big-alt-2":["https:\/\/www.agencedh.org\/en\/wp-content\/uploads\/2015\/08\/eqateur.jpg",529,268,false]},"rttpg_author":{"display_name":"agencenadmin","author_link":"https:\/\/www.agencedh.org\/en\/author\/agencenadmin\/"},"rttpg_comment":0,"rttpg_category":"<a href=\"https:\/\/www.agencedh.org\/en\/category\/america\/\" rel=\"category tag\">America<\/a> <a href=\"https:\/\/www.agencedh.org\/en\/category\/recent-news\/\" rel=\"category tag\">recent articles<\/a>","rttpg_excerpt":"Demonstrators have taken to the streets of Ecuador to protest the President\u2019s moves to seek a fourth term. Indigenous demonstrators blocked roads in six of 24 provinces, while others made the 800km trek to the capital Quito calling for a general strike alongside trade unions. Previous supporters of Rafael Correa, the indigenous peoples say he\u2026","_links":{"self":[{"href":"https:\/\/www.agencedh.org\/en\/wp-json\/wp\/v2\/posts\/2031","targetHints":{"allow":["GET"]}}],"collection":[{"href":"https:\/\/www.agencedh.org\/en\/wp-json\/wp\/v2\/posts"}],"about":[{"href":"https:\/\/www.agencedh.org\/en\/wp-json\/wp\/v2\/types\/post"}],"author":[{"embeddable":true,"href":"https:\/\/www.agencedh.org\/en\/wp-json\/wp\/v2\/users\/1"}],"replies":[{"embeddable":true,"href":"https:\/\/www.agencedh.org\/en\/wp-json\/wp\/v2\/comments?post=2031"}],"version-history":[{"count":0,"href":"https:\/\/www.agencedh.org\/en\/wp-json\/wp\/v2\/posts\/2031\/revisions"}],"wp:featuredmedia":[{"embeddable":true,"href":"https:\/\/www.agencedh.org\/en\/wp-json\/wp\/v2\/media\/2032"}],"wp:attachment":[{"href":"https:\/\/www.agencedh.org\/en\/wp-json\/wp\/v2\/media?parent=2031"}],"wp:term":[{"taxonomy":"category","embeddable":true,"href":"https:\/\/www.agencedh.org\/en\/wp-json\/wp\/v2\/categories?post=2031"},{"taxonomy":"post_tag","embeddable":true,"href":"https:\/\/www.agencedh.org\/en\/wp-json\/wp\/v2\/tags?post=2031"}],"curies":[{"name":"wp","href":"https:\/\/api.w.org\/{rel}","templated":true}]}}