{"id":3010,"date":"2016-03-30T13:24:44","date_gmt":"2016-03-30T13:24:44","guid":{"rendered":"http:\/\/en.humanrightsagency.com\/?p=3010"},"modified":"2016-03-30T13:24:44","modified_gmt":"2016-03-30T13:24:44","slug":"un-calls-states-fight-discrimination-people-african-descent","status":"publish","type":"post","link":"https:\/\/www.agencedh.org\/en\/un-calls-states-fight-discrimination-people-african-descent\/","title":{"rendered":"UN calls on States to fight against discrimination against people of African descent"},"content":{"rendered":"<p>Observing the International Day of Remembrance of the Victims of Slavery, senior United Nations officials today reflected on past horrors, and warned that the world must also confront current and modern challenges posed by the many forms and manifestations of slavery. (&#8230;)<\/p>\n<p>Mr. Eliasson said forced labour, bonded labour, child labour, human trafficking and forced prostitution are serious human rights violations \u201crooted in a glaring lack of respect and regard for fellow human beings,\u201d advising that the global community&#8217;s battle cry must be \u201ca life of dignity for all \u2013 enough is enough.\u201d<\/p>\n<p>The theme of this year&#8217;s commemoration is &#8216;Remember Slavery: Celebrating the Heritage and Culture of the African Diaspora and its Roots.&#8217;<\/p>\n<p>Also speaking at the event, the President of the 70th session of the General Assembly, Mogens Lykketoft, said it is a timely theme \u201cas it draws attention to the vibrant African culture and traditions that have enriched life in countries once involved in the slave trade and how the African Diaspora continues to enhance many aspects of daily life in countries around the world.\u201d (\u2026)<br \/>\nRead more on un.org<\/p>\n","protected":false},"excerpt":{"rendered":"<p>Observing the International Day of Remembrance of the Victims of Slavery, senior United Nations officials today reflected on past horrors, and warned that the world must also confront current and modern challenges posed by the many forms and manifestations of slavery. (&#8230;) Mr. Eliasson said forced labour, bonded labour, child labour, human trafficking and forced [&hellip;]<\/p>\n","protected":false},"author":1,"featured_media":3011,"comment_status":"closed","ping_status":"closed","sticky":false,"template":"","format":"standard","meta":{"footnotes":""},"categories":[48,57,503],"tags":[931,166,932,124,224],"class_list":["post-3010","post","type-post","status-publish","format-standard","has-post-thumbnail","hentry","category-africa","category-human-rights-defenders-messages","category-latest-news","tag-african-descent","tag-discrimination","tag-manifestations","tag-un","tag-victims"],"yoast_head":"<!-- This site is optimized with the Yoast SEO plugin v24.0 - https:\/\/yoast.com\/wordpress\/plugins\/seo\/ -->\n<title>The UN calls on States to fight against discrimination against people of African descent<\/title>\n<meta name=\"description\" content=\"The UN calls on States to fight against discrimination against people of African descent\" \/>\n<meta name=\"robots\" content=\"index, follow, max-snippet:-1, max-image-preview:large, max-video-preview:-1\" \/>\n<link rel=\"canonical\" href=\"https:\/\/www.agencedh.org\/en\/un-calls-states-fight-discrimination-people-african-descent\/\" \/>\n<meta property=\"og:locale\" content=\"fr_FR\" \/>\n<meta property=\"og:type\" content=\"article\" \/>\n<meta property=\"og:title\" content=\"The UN calls on States to fight against discrimination against people of African descent\" \/>\n<meta property=\"og:description\" content=\"The UN calls on States to fight against discrimination against people of African descent\" \/>\n<meta property=\"og:url\" content=\"https:\/\/www.agencedh.org\/en\/un-calls-states-fight-discrimination-people-african-descent\/\" \/>\n<meta property=\"og:site_name\" content=\"Human Rights Agency\" \/>\n<meta property=\"article:published_time\" content=\"2016-03-30T13:24:44+00:00\" \/>\n<meta property=\"og:image\" content=\"https:\/\/www.agencedh.org\/en\/wp-content\/uploads\/2016\/03\/un-africain.jpg\" \/>\n\t<meta property=\"og:image:width\" content=\"447\" \/>\n\t<meta property=\"og:image:height\" content=\"247\" \/>\n\t<meta property=\"og:image:type\" content=\"image\/jpeg\" \/>\n<meta name=\"author\" content=\"agencenadmin\" \/>\n<meta name=\"twitter:card\" content=\"summary_large_image\" \/>\n<meta name=\"twitter:label1\" content=\"\u00c9crit par\" \/>\n\t<meta name=\"twitter:data1\" content=\"agencenadmin\" \/>\n\t<meta name=\"twitter:label2\" content=\"Dur\u00e9e de lecture estim\u00e9e\" \/>\n\t<meta name=\"twitter:data2\" content=\"1 minute\" \/>\n<script type=\"application\/ld+json\" class=\"yoast-schema-graph\">{\"@context\":\"https:\/\/schema.org\",\"@graph\":[{\"@type\":\"WebPage\",\"@id\":\"https:\/\/www.agencedh.org\/en\/un-calls-states-fight-discrimination-people-african-descent\/\",\"url\":\"https:\/\/www.agencedh.org\/en\/un-calls-states-fight-discrimination-people-african-descent\/\",\"name\":\"The UN calls on States to fight against discrimination against people of African descent\",\"isPartOf\":{\"@id\":\"https:\/\/www.agencedh.org\/en\/#website\"},\"primaryImageOfPage\":{\"@id\":\"https:\/\/www.agencedh.org\/en\/un-calls-states-fight-discrimination-people-african-descent\/#primaryimage\"},\"image\":{\"@id\":\"https:\/\/www.agencedh.org\/en\/un-calls-states-fight-discrimination-people-african-descent\/#primaryimage\"},\"thumbnailUrl\":\"https:\/\/www.agencedh.org\/en\/wp-content\/uploads\/2016\/03\/un-africain.jpg\",\"datePublished\":\"2016-03-30T13:24:44+00:00\",\"dateModified\":\"2016-03-30T13:24:44+00:00\",\"author\":{\"@id\":\"https:\/\/www.agencedh.org\/en\/#\/schema\/person\/e96efebcc4d17188d822aecf3d196f78\"},\"description\":\"The UN calls on States to fight against discrimination against people of African descent\",\"breadcrumb\":{\"@id\":\"https:\/\/www.agencedh.org\/en\/un-calls-states-fight-discrimination-people-african-descent\/#breadcrumb\"},\"inLanguage\":\"fr-FR\",\"potentialAction\":[{\"@type\":\"ReadAction\",\"target\":[\"https:\/\/www.agencedh.org\/en\/un-calls-states-fight-discrimination-people-african-descent\/\"]}]},{\"@type\":\"ImageObject\",\"inLanguage\":\"fr-FR\",\"@id\":\"https:\/\/www.agencedh.org\/en\/un-calls-states-fight-discrimination-people-african-descent\/#primaryimage\",\"url\":\"https:\/\/www.agencedh.org\/en\/wp-content\/uploads\/2016\/03\/un-africain.jpg\",\"contentUrl\":\"https:\/\/www.agencedh.org\/en\/wp-content\/uploads\/2016\/03\/un-africain.jpg\",\"width\":447,\"height\":247},{\"@type\":\"BreadcrumbList\",\"@id\":\"https:\/\/www.agencedh.org\/en\/un-calls-states-fight-discrimination-people-african-descent\/#breadcrumb\",\"itemListElement\":[{\"@type\":\"ListItem\",\"position\":1,\"name\":\"Accueil\",\"item\":\"https:\/\/www.agencedh.org\/en\/\"},{\"@type\":\"ListItem\",\"position\":2,\"name\":\"UN calls on States to fight against discrimination against people of African descent\"}]},{\"@type\":\"WebSite\",\"@id\":\"https:\/\/www.agencedh.org\/en\/#website\",\"url\":\"https:\/\/www.agencedh.org\/en\/\",\"name\":\"Human Rights Agency\",\"description\":\"The HRA seeks to cooperate with African citizens, and African NGOs, as correspondents, to fight for human rights in their regions.\",\"potentialAction\":[{\"@type\":\"SearchAction\",\"target\":{\"@type\":\"EntryPoint\",\"urlTemplate\":\"https:\/\/www.agencedh.org\/en\/?s={search_term_string}\"},\"query-input\":{\"@type\":\"PropertyValueSpecification\",\"valueRequired\":true,\"valueName\":\"search_term_string\"}}],\"inLanguage\":\"fr-FR\"},{\"@type\":\"Person\",\"@id\":\"https:\/\/www.agencedh.org\/en\/#\/schema\/person\/e96efebcc4d17188d822aecf3d196f78\",\"name\":\"agencenadmin\",\"image\":{\"@type\":\"ImageObject\",\"inLanguage\":\"fr-FR\",\"@id\":\"https:\/\/www.agencedh.org\/en\/#\/schema\/person\/image\/\",\"url\":\"https:\/\/secure.gravatar.com\/avatar\/ff952971b712533bbeb7ed4dad462caf467e53008f4223eb6ea306b5c3c0220b?s=96&d=mm&r=g\",\"contentUrl\":\"https:\/\/secure.gravatar.com\/avatar\/ff952971b712533bbeb7ed4dad462caf467e53008f4223eb6ea306b5c3c0220b?s=96&d=mm&r=g\",\"caption\":\"agencenadmin\"},\"sameAs\":[\"https:\/\/www.agencedh.org\/en\"],\"url\":\"https:\/\/www.agencedh.org\/en\/author\/agencenadmin\/\"}]}<\/script>\n<!-- \/ Yoast SEO plugin. -->","yoast_head_json":{"title":"The UN calls on States to fight against discrimination against people of African descent","description":"The UN calls on States to fight against discrimination against people of African descent","robots":{"index":"index","follow":"follow","max-snippet":"max-snippet:-1","max-image-preview":"max-image-preview:large","max-video-preview":"max-video-preview:-1"},"canonical":"https:\/\/www.agencedh.org\/en\/un-calls-states-fight-discrimination-people-african-descent\/","og_locale":"fr_FR","og_type":"article","og_title":"The UN calls on States to fight against discrimination against people of African descent","og_description":"The UN calls on States to fight against discrimination against people of African descent","og_url":"https:\/\/www.agencedh.org\/en\/un-calls-states-fight-discrimination-people-african-descent\/","og_site_name":"Human Rights Agency","article_published_time":"2016-03-30T13:24:44+00:00","og_image":[{"width":447,"height":247,"url":"https:\/\/www.agencedh.org\/en\/wp-content\/uploads\/2016\/03\/un-africain.jpg","type":"image\/jpeg"}],"author":"agencenadmin","twitter_card":"summary_large_image","twitter_misc":{"\u00c9crit par":"agencenadmin","Dur\u00e9e de lecture estim\u00e9e":"1 minute"},"schema":{"@context":"https:\/\/schema.org","@graph":[{"@type":"WebPage","@id":"https:\/\/www.agencedh.org\/en\/un-calls-states-fight-discrimination-people-african-descent\/","url":"https:\/\/www.agencedh.org\/en\/un-calls-states-fight-discrimination-people-african-descent\/","name":"The UN calls on States to fight against discrimination against people of African descent","isPartOf":{"@id":"https:\/\/www.agencedh.org\/en\/#website"},"primaryImageOfPage":{"@id":"https:\/\/www.agencedh.org\/en\/un-calls-states-fight-discrimination-people-african-descent\/#primaryimage"},"image":{"@id":"https:\/\/www.agencedh.org\/en\/un-calls-states-fight-discrimination-people-african-descent\/#primaryimage"},"thumbnailUrl":"https:\/\/www.agencedh.org\/en\/wp-content\/uploads\/2016\/03\/un-africain.jpg","datePublished":"2016-03-30T13:24:44+00:00","dateModified":"2016-03-30T13:24:44+00:00","author":{"@id":"https:\/\/www.agencedh.org\/en\/#\/schema\/person\/e96efebcc4d17188d822aecf3d196f78"},"description":"The UN calls on States to fight against discrimination against people of African descent","breadcrumb":{"@id":"https:\/\/www.agencedh.org\/en\/un-calls-states-fight-discrimination-people-african-descent\/#breadcrumb"},"inLanguage":"fr-FR","potentialAction":[{"@type":"ReadAction","target":["https:\/\/www.agencedh.org\/en\/un-calls-states-fight-discrimination-people-african-descent\/"]}]},{"@type":"ImageObject","inLanguage":"fr-FR","@id":"https:\/\/www.agencedh.org\/en\/un-calls-states-fight-discrimination-people-african-descent\/#primaryimage","url":"https:\/\/www.agencedh.org\/en\/wp-content\/uploads\/2016\/03\/un-africain.jpg","contentUrl":"https:\/\/www.agencedh.org\/en\/wp-content\/uploads\/2016\/03\/un-africain.jpg","width":447,"height":247},{"@type":"BreadcrumbList","@id":"https:\/\/www.agencedh.org\/en\/un-calls-states-fight-discrimination-people-african-descent\/#breadcrumb","itemListElement":[{"@type":"ListItem","position":1,"name":"Accueil","item":"https:\/\/www.agencedh.org\/en\/"},{"@type":"ListItem","position":2,"name":"UN calls on States to fight against discrimination against people of African descent"}]},{"@type":"WebSite","@id":"https:\/\/www.agencedh.org\/en\/#website","url":"https:\/\/www.agencedh.org\/en\/","name":"Human Rights Agency","description":"The HRA seeks to cooperate with African citizens, and African NGOs, as correspondents, to fight for human rights in their regions.","potentialAction":[{"@type":"SearchAction","target":{"@type":"EntryPoint","urlTemplate":"https:\/\/www.agencedh.org\/en\/?s={search_term_string}"},"query-input":{"@type":"PropertyValueSpecification","valueRequired":true,"valueName":"search_term_string"}}],"inLanguage":"fr-FR"},{"@type":"Person","@id":"https:\/\/www.agencedh.org\/en\/#\/schema\/person\/e96efebcc4d17188d822aecf3d196f78","name":"agencenadmin","image":{"@type":"ImageObject","inLanguage":"fr-FR","@id":"https:\/\/www.agencedh.org\/en\/#\/schema\/person\/image\/","url":"https:\/\/secure.gravatar.com\/avatar\/ff952971b712533bbeb7ed4dad462caf467e53008f4223eb6ea306b5c3c0220b?s=96&d=mm&r=g","contentUrl":"https:\/\/secure.gravatar.com\/avatar\/ff952971b712533bbeb7ed4dad462caf467e53008f4223eb6ea306b5c3c0220b?s=96&d=mm&r=g","caption":"agencenadmin"},"sameAs":["https:\/\/www.agencedh.org\/en"],"url":"https:\/\/www.agencedh.org\/en\/author\/agencenadmin\/"}]}},"rttpg_featured_image_url":{"full":["https:\/\/www.agencedh.org\/en\/wp-content\/uploads\/2016\/03\/un-africain.jpg",447,247,false],"landscape":["https:\/\/www.agencedh.org\/en\/wp-content\/uploads\/2016\/03\/un-africain.jpg",447,247,false],"portraits":["https:\/\/www.agencedh.org\/en\/wp-content\/uploads\/2016\/03\/un-africain.jpg",447,247,false],"thumbnail":["https:\/\/www.agencedh.org\/en\/wp-content\/uploads\/2016\/03\/un-africain-150x150.jpg",150,150,true],"medium":["https:\/\/www.agencedh.org\/en\/wp-content\/uploads\/2016\/03\/un-africain-300x166.jpg",300,166,true],"large":["https:\/\/www.agencedh.org\/en\/wp-content\/uploads\/2016\/03\/un-africain.jpg",447,247,false],"1536x1536":["https:\/\/www.agencedh.org\/en\/wp-content\/uploads\/2016\/03\/un-africain.jpg",447,247,false],"2048x2048":["https:\/\/www.agencedh.org\/en\/wp-content\/uploads\/2016\/03\/un-africain.jpg",447,247,false],"wpvqgr-square-answer":["https:\/\/www.agencedh.org\/en\/wp-content\/uploads\/2016\/03\/un-africain-300x247.jpg",300,247,true],"magplus-small-hor":["https:\/\/www.agencedh.org\/en\/wp-content\/uploads\/2016\/03\/un-africain-110x81.jpg",110,81,true],"magplus-small":["https:\/\/www.agencedh.org\/en\/wp-content\/uploads\/2016\/03\/un-africain-183x96.jpg",183,96,true],"magplus-small-ver":["https:\/\/www.agencedh.org\/en\/wp-content\/uploads\/2016\/03\/un-africain-225x247.jpg",225,247,true],"magplus-small-alt":["https:\/\/www.agencedh.org\/en\/wp-content\/uploads\/2016\/03\/un-africain-80x80.jpg",80,80,true],"magplus-medium":["https:\/\/www.agencedh.org\/en\/wp-content\/uploads\/2016\/03\/un-africain-394x218.jpg",394,218,true],"magplus-medium-ver":["https:\/\/www.agencedh.org\/en\/wp-content\/uploads\/2016\/03\/un-africain-288x180.jpg",288,180,true],"magplus-medium-hor":["https:\/\/www.agencedh.org\/en\/wp-content\/uploads\/2016\/03\/un-africain-335x160.jpg",335,160,true],"magplus-medium-alt":["https:\/\/www.agencedh.org\/en\/wp-content\/uploads\/2016\/03\/un-africain-290x162.jpg",290,162,true],"magplus-big-alt":["https:\/\/www.agencedh.org\/en\/wp-content\/uploads\/2016\/03\/un-africain.jpg",447,247,false],"magplus-big":["https:\/\/www.agencedh.org\/en\/wp-content\/uploads\/2016\/03\/un-africain.jpg",447,247,false],"magplus-big-alt-2":["https:\/\/www.agencedh.org\/en\/wp-content\/uploads\/2016\/03\/un-africain.jpg",447,247,false]},"rttpg_author":{"display_name":"agencenadmin","author_link":"https:\/\/www.agencedh.org\/en\/author\/agencenadmin\/"},"rttpg_comment":0,"rttpg_category":"<a href=\"https:\/\/www.agencedh.org\/en\/category\/africa\/\" rel=\"category tag\">Africa<\/a> <a href=\"https:\/\/www.agencedh.org\/en\/category\/human-rights-defenders-messages\/\" rel=\"category tag\">Human Rights Defenders\u2019 messages<\/a> <a href=\"https:\/\/www.agencedh.org\/en\/category\/latest-news\/\" rel=\"category tag\">Latest news<\/a>","rttpg_excerpt":"Observing the International Day of Remembrance of the Victims of Slavery, senior United Nations officials today reflected on past horrors, and warned that the world must also confront current and modern challenges posed by the many forms and manifestations of slavery. (&#8230;) Mr. Eliasson said forced labour, bonded labour, child labour, human trafficking and forced\u2026","_links":{"self":[{"href":"https:\/\/www.agencedh.org\/en\/wp-json\/wp\/v2\/posts\/3010","targetHints":{"allow":["GET"]}}],"collection":[{"href":"https:\/\/www.agencedh.org\/en\/wp-json\/wp\/v2\/posts"}],"about":[{"href":"https:\/\/www.agencedh.org\/en\/wp-json\/wp\/v2\/types\/post"}],"author":[{"embeddable":true,"href":"https:\/\/www.agencedh.org\/en\/wp-json\/wp\/v2\/users\/1"}],"replies":[{"embeddable":true,"href":"https:\/\/www.agencedh.org\/en\/wp-json\/wp\/v2\/comments?post=3010"}],"version-history":[{"count":0,"href":"https:\/\/www.agencedh.org\/en\/wp-json\/wp\/v2\/posts\/3010\/revisions"}],"wp:featuredmedia":[{"embeddable":true,"href":"https:\/\/www.agencedh.org\/en\/wp-json\/wp\/v2\/media\/3011"}],"wp:attachment":[{"href":"https:\/\/www.agencedh.org\/en\/wp-json\/wp\/v2\/media?parent=3010"}],"wp:term":[{"taxonomy":"category","embeddable":true,"href":"https:\/\/www.agencedh.org\/en\/wp-json\/wp\/v2\/categories?post=3010"},{"taxonomy":"post_tag","embeddable":true,"href":"https:\/\/www.agencedh.org\/en\/wp-json\/wp\/v2\/tags?post=3010"}],"curies":[{"name":"wp","href":"https:\/\/api.w.org\/{rel}","templated":true}]}}