{"id":3862,"date":"2019-08-07T08:53:49","date_gmt":"2019-08-07T08:53:49","guid":{"rendered":"http:\/\/en.humanrightsagency.com\/en\/?p=3862"},"modified":"2019-08-07T08:53:49","modified_gmt":"2019-08-07T08:53:49","slug":"afghanistan-at-least-95-injured-in-taliban-claimed-attack-in-kabul","status":"publish","type":"post","link":"https:\/\/www.agencedh.org\/en\/afghanistan-at-least-95-injured-in-taliban-claimed-attack-in-kabul\/","title":{"rendered":"Afghanistan: At least 95 injured in Taliban-claimed attack in Kabul"},"content":{"rendered":"<p>A car bomb attack claimed by the Taliban has left at least 95 injured, &#8220;including a majority of women and children&#8221; Wednesday morning in western Kabul, according to the authorities. According to the photos and videos visible on the social networks, a huge plume of smoke rose in the sky of the capital, testifying to the power of the explosive charge.<\/p>\n<p>Taliban spokesman Zabihullah Mujahid claimed responsibility for the attack on social networks, adding that he had been committed by a suicide bomber.<\/p>\n<p>The Taliban and the Afghan branch of the Islamic State (IS) jihadist group are continually exaggerating the losses inflicted on Afghan or NATO forces as a result of their attacks.<\/p>\n<p>The violence escalated sharply in July, the bloodiest month since May 2017, with more than 1,500 killed and wounded in Afghanistan, according to the UN.<\/p>\n<p>&nbsp;<\/p>\n","protected":false},"excerpt":{"rendered":"<p>A car bomb attack claimed by the Taliban has left at least 95 injured, &#8220;including a majority of women and children&#8221; Wednesday morning in western Kabul, according to the authorities. According to the photos and videos visible on the social networks, a huge plume of smoke rose in the sky of the capital, testifying to [&hellip;]<\/p>\n","protected":false},"author":1,"featured_media":3863,"comment_status":"closed","ping_status":"closed","sticky":false,"template":"","format":"standard","meta":{"footnotes":""},"categories":[55,52,503],"tags":[164,126,914,185,204,444],"class_list":["post-3862","post","type-post","status-publish","format-standard","has-post-thumbnail","hentry","category-anti-terror-alert","category-asia-and-oceania","category-latest-news","tag-afghanistan","tag-attack","tag-claimed","tag-injured","tag-kabul","tag-taliban"],"yoast_head":"<!-- This site is optimized with the Yoast SEO plugin v24.0 - https:\/\/yoast.com\/wordpress\/plugins\/seo\/ -->\n<title>Afghanistan: At least 95 injured in Taliban-claimed attack in Kabul - Human Rights Agency<\/title>\n<meta name=\"robots\" content=\"index, follow, max-snippet:-1, max-image-preview:large, max-video-preview:-1\" \/>\n<link rel=\"canonical\" href=\"https:\/\/www.agencedh.org\/en\/afghanistan-at-least-95-injured-in-taliban-claimed-attack-in-kabul\/\" \/>\n<meta property=\"og:locale\" content=\"fr_FR\" \/>\n<meta property=\"og:type\" content=\"article\" \/>\n<meta property=\"og:title\" content=\"Afghanistan: At least 95 injured in Taliban-claimed attack in Kabul - Human Rights Agency\" \/>\n<meta property=\"og:description\" content=\"A car bomb attack claimed by the Taliban has left at least 95 injured, &#8220;including a majority of women and children&#8221; Wednesday morning in western Kabul, according to the authorities. According to the photos and videos visible on the social networks, a huge plume of smoke rose in the sky of the capital, testifying to [&hellip;]\" \/>\n<meta property=\"og:url\" content=\"https:\/\/www.agencedh.org\/en\/afghanistan-at-least-95-injured-in-taliban-claimed-attack-in-kabul\/\" \/>\n<meta property=\"og:site_name\" content=\"Human Rights Agency\" \/>\n<meta property=\"article:published_time\" content=\"2019-08-07T08:53:49+00:00\" \/>\n<meta property=\"og:image\" content=\"https:\/\/www.agencedh.org\/en\/wp-content\/uploads\/2019\/08\/Capture-1.png\" \/>\n\t<meta property=\"og:image:width\" content=\"495\" \/>\n\t<meta property=\"og:image:height\" content=\"307\" \/>\n\t<meta property=\"og:image:type\" content=\"image\/png\" \/>\n<meta name=\"author\" content=\"agencenadmin\" \/>\n<meta name=\"twitter:card\" content=\"summary_large_image\" \/>\n<meta name=\"twitter:label1\" content=\"\u00c9crit par\" \/>\n\t<meta name=\"twitter:data1\" content=\"agencenadmin\" \/>\n\t<meta name=\"twitter:label2\" content=\"Dur\u00e9e de lecture estim\u00e9e\" \/>\n\t<meta name=\"twitter:data2\" content=\"1 minute\" \/>\n<script type=\"application\/ld+json\" class=\"yoast-schema-graph\">{\"@context\":\"https:\/\/schema.org\",\"@graph\":[{\"@type\":\"WebPage\",\"@id\":\"https:\/\/www.agencedh.org\/en\/afghanistan-at-least-95-injured-in-taliban-claimed-attack-in-kabul\/\",\"url\":\"https:\/\/www.agencedh.org\/en\/afghanistan-at-least-95-injured-in-taliban-claimed-attack-in-kabul\/\",\"name\":\"Afghanistan: At least 95 injured in Taliban-claimed attack in Kabul - Human Rights Agency\",\"isPartOf\":{\"@id\":\"https:\/\/www.agencedh.org\/en\/#website\"},\"primaryImageOfPage\":{\"@id\":\"https:\/\/www.agencedh.org\/en\/afghanistan-at-least-95-injured-in-taliban-claimed-attack-in-kabul\/#primaryimage\"},\"image\":{\"@id\":\"https:\/\/www.agencedh.org\/en\/afghanistan-at-least-95-injured-in-taliban-claimed-attack-in-kabul\/#primaryimage\"},\"thumbnailUrl\":\"https:\/\/www.agencedh.org\/en\/wp-content\/uploads\/2019\/08\/Capture-1.png\",\"datePublished\":\"2019-08-07T08:53:49+00:00\",\"dateModified\":\"2019-08-07T08:53:49+00:00\",\"author\":{\"@id\":\"https:\/\/www.agencedh.org\/en\/#\/schema\/person\/e96efebcc4d17188d822aecf3d196f78\"},\"breadcrumb\":{\"@id\":\"https:\/\/www.agencedh.org\/en\/afghanistan-at-least-95-injured-in-taliban-claimed-attack-in-kabul\/#breadcrumb\"},\"inLanguage\":\"fr-FR\",\"potentialAction\":[{\"@type\":\"ReadAction\",\"target\":[\"https:\/\/www.agencedh.org\/en\/afghanistan-at-least-95-injured-in-taliban-claimed-attack-in-kabul\/\"]}]},{\"@type\":\"ImageObject\",\"inLanguage\":\"fr-FR\",\"@id\":\"https:\/\/www.agencedh.org\/en\/afghanistan-at-least-95-injured-in-taliban-claimed-attack-in-kabul\/#primaryimage\",\"url\":\"https:\/\/www.agencedh.org\/en\/wp-content\/uploads\/2019\/08\/Capture-1.png\",\"contentUrl\":\"https:\/\/www.agencedh.org\/en\/wp-content\/uploads\/2019\/08\/Capture-1.png\",\"width\":495,\"height\":307},{\"@type\":\"BreadcrumbList\",\"@id\":\"https:\/\/www.agencedh.org\/en\/afghanistan-at-least-95-injured-in-taliban-claimed-attack-in-kabul\/#breadcrumb\",\"itemListElement\":[{\"@type\":\"ListItem\",\"position\":1,\"name\":\"Accueil\",\"item\":\"https:\/\/www.agencedh.org\/en\/\"},{\"@type\":\"ListItem\",\"position\":2,\"name\":\"Afghanistan: At least 95 injured in Taliban-claimed attack in Kabul\"}]},{\"@type\":\"WebSite\",\"@id\":\"https:\/\/www.agencedh.org\/en\/#website\",\"url\":\"https:\/\/www.agencedh.org\/en\/\",\"name\":\"Human Rights Agency\",\"description\":\"The HRA seeks to cooperate with African citizens, and African NGOs, as correspondents, to fight for human rights in their regions.\",\"potentialAction\":[{\"@type\":\"SearchAction\",\"target\":{\"@type\":\"EntryPoint\",\"urlTemplate\":\"https:\/\/www.agencedh.org\/en\/?s={search_term_string}\"},\"query-input\":{\"@type\":\"PropertyValueSpecification\",\"valueRequired\":true,\"valueName\":\"search_term_string\"}}],\"inLanguage\":\"fr-FR\"},{\"@type\":\"Person\",\"@id\":\"https:\/\/www.agencedh.org\/en\/#\/schema\/person\/e96efebcc4d17188d822aecf3d196f78\",\"name\":\"agencenadmin\",\"image\":{\"@type\":\"ImageObject\",\"inLanguage\":\"fr-FR\",\"@id\":\"https:\/\/www.agencedh.org\/en\/#\/schema\/person\/image\/\",\"url\":\"https:\/\/secure.gravatar.com\/avatar\/ff952971b712533bbeb7ed4dad462caf467e53008f4223eb6ea306b5c3c0220b?s=96&d=mm&r=g\",\"contentUrl\":\"https:\/\/secure.gravatar.com\/avatar\/ff952971b712533bbeb7ed4dad462caf467e53008f4223eb6ea306b5c3c0220b?s=96&d=mm&r=g\",\"caption\":\"agencenadmin\"},\"sameAs\":[\"https:\/\/www.agencedh.org\/en\"],\"url\":\"https:\/\/www.agencedh.org\/en\/author\/agencenadmin\/\"}]}<\/script>\n<!-- \/ Yoast SEO plugin. -->","yoast_head_json":{"title":"Afghanistan: At least 95 injured in Taliban-claimed attack in Kabul - Human Rights Agency","robots":{"index":"index","follow":"follow","max-snippet":"max-snippet:-1","max-image-preview":"max-image-preview:large","max-video-preview":"max-video-preview:-1"},"canonical":"https:\/\/www.agencedh.org\/en\/afghanistan-at-least-95-injured-in-taliban-claimed-attack-in-kabul\/","og_locale":"fr_FR","og_type":"article","og_title":"Afghanistan: At least 95 injured in Taliban-claimed attack in Kabul - Human Rights Agency","og_description":"A car bomb attack claimed by the Taliban has left at least 95 injured, &#8220;including a majority of women and children&#8221; Wednesday morning in western Kabul, according to the authorities. According to the photos and videos visible on the social networks, a huge plume of smoke rose in the sky of the capital, testifying to [&hellip;]","og_url":"https:\/\/www.agencedh.org\/en\/afghanistan-at-least-95-injured-in-taliban-claimed-attack-in-kabul\/","og_site_name":"Human Rights Agency","article_published_time":"2019-08-07T08:53:49+00:00","og_image":[{"width":495,"height":307,"url":"https:\/\/www.agencedh.org\/en\/wp-content\/uploads\/2019\/08\/Capture-1.png","type":"image\/png"}],"author":"agencenadmin","twitter_card":"summary_large_image","twitter_misc":{"\u00c9crit par":"agencenadmin","Dur\u00e9e de lecture estim\u00e9e":"1 minute"},"schema":{"@context":"https:\/\/schema.org","@graph":[{"@type":"WebPage","@id":"https:\/\/www.agencedh.org\/en\/afghanistan-at-least-95-injured-in-taliban-claimed-attack-in-kabul\/","url":"https:\/\/www.agencedh.org\/en\/afghanistan-at-least-95-injured-in-taliban-claimed-attack-in-kabul\/","name":"Afghanistan: At least 95 injured in Taliban-claimed attack in Kabul - Human Rights Agency","isPartOf":{"@id":"https:\/\/www.agencedh.org\/en\/#website"},"primaryImageOfPage":{"@id":"https:\/\/www.agencedh.org\/en\/afghanistan-at-least-95-injured-in-taliban-claimed-attack-in-kabul\/#primaryimage"},"image":{"@id":"https:\/\/www.agencedh.org\/en\/afghanistan-at-least-95-injured-in-taliban-claimed-attack-in-kabul\/#primaryimage"},"thumbnailUrl":"https:\/\/www.agencedh.org\/en\/wp-content\/uploads\/2019\/08\/Capture-1.png","datePublished":"2019-08-07T08:53:49+00:00","dateModified":"2019-08-07T08:53:49+00:00","author":{"@id":"https:\/\/www.agencedh.org\/en\/#\/schema\/person\/e96efebcc4d17188d822aecf3d196f78"},"breadcrumb":{"@id":"https:\/\/www.agencedh.org\/en\/afghanistan-at-least-95-injured-in-taliban-claimed-attack-in-kabul\/#breadcrumb"},"inLanguage":"fr-FR","potentialAction":[{"@type":"ReadAction","target":["https:\/\/www.agencedh.org\/en\/afghanistan-at-least-95-injured-in-taliban-claimed-attack-in-kabul\/"]}]},{"@type":"ImageObject","inLanguage":"fr-FR","@id":"https:\/\/www.agencedh.org\/en\/afghanistan-at-least-95-injured-in-taliban-claimed-attack-in-kabul\/#primaryimage","url":"https:\/\/www.agencedh.org\/en\/wp-content\/uploads\/2019\/08\/Capture-1.png","contentUrl":"https:\/\/www.agencedh.org\/en\/wp-content\/uploads\/2019\/08\/Capture-1.png","width":495,"height":307},{"@type":"BreadcrumbList","@id":"https:\/\/www.agencedh.org\/en\/afghanistan-at-least-95-injured-in-taliban-claimed-attack-in-kabul\/#breadcrumb","itemListElement":[{"@type":"ListItem","position":1,"name":"Accueil","item":"https:\/\/www.agencedh.org\/en\/"},{"@type":"ListItem","position":2,"name":"Afghanistan: At least 95 injured in Taliban-claimed attack in Kabul"}]},{"@type":"WebSite","@id":"https:\/\/www.agencedh.org\/en\/#website","url":"https:\/\/www.agencedh.org\/en\/","name":"Human Rights Agency","description":"The HRA seeks to cooperate with African citizens, and African NGOs, as correspondents, to fight for human rights in their regions.","potentialAction":[{"@type":"SearchAction","target":{"@type":"EntryPoint","urlTemplate":"https:\/\/www.agencedh.org\/en\/?s={search_term_string}"},"query-input":{"@type":"PropertyValueSpecification","valueRequired":true,"valueName":"search_term_string"}}],"inLanguage":"fr-FR"},{"@type":"Person","@id":"https:\/\/www.agencedh.org\/en\/#\/schema\/person\/e96efebcc4d17188d822aecf3d196f78","name":"agencenadmin","image":{"@type":"ImageObject","inLanguage":"fr-FR","@id":"https:\/\/www.agencedh.org\/en\/#\/schema\/person\/image\/","url":"https:\/\/secure.gravatar.com\/avatar\/ff952971b712533bbeb7ed4dad462caf467e53008f4223eb6ea306b5c3c0220b?s=96&d=mm&r=g","contentUrl":"https:\/\/secure.gravatar.com\/avatar\/ff952971b712533bbeb7ed4dad462caf467e53008f4223eb6ea306b5c3c0220b?s=96&d=mm&r=g","caption":"agencenadmin"},"sameAs":["https:\/\/www.agencedh.org\/en"],"url":"https:\/\/www.agencedh.org\/en\/author\/agencenadmin\/"}]}},"rttpg_featured_image_url":{"full":["https:\/\/www.agencedh.org\/en\/wp-content\/uploads\/2019\/08\/Capture-1.png",495,307,false],"landscape":["https:\/\/www.agencedh.org\/en\/wp-content\/uploads\/2019\/08\/Capture-1.png",495,307,false],"portraits":["https:\/\/www.agencedh.org\/en\/wp-content\/uploads\/2019\/08\/Capture-1.png",495,307,false],"thumbnail":["https:\/\/www.agencedh.org\/en\/wp-content\/uploads\/2019\/08\/Capture-1-150x150.png",150,150,true],"medium":["https:\/\/www.agencedh.org\/en\/wp-content\/uploads\/2019\/08\/Capture-1-300x186.png",300,186,true],"large":["https:\/\/www.agencedh.org\/en\/wp-content\/uploads\/2019\/08\/Capture-1.png",495,307,false],"1536x1536":["https:\/\/www.agencedh.org\/en\/wp-content\/uploads\/2019\/08\/Capture-1.png",495,307,false],"2048x2048":["https:\/\/www.agencedh.org\/en\/wp-content\/uploads\/2019\/08\/Capture-1.png",495,307,false],"wpvqgr-square-answer":["https:\/\/www.agencedh.org\/en\/wp-content\/uploads\/2019\/08\/Capture-1-300x300.png",300,300,true],"magplus-small-hor":["https:\/\/www.agencedh.org\/en\/wp-content\/uploads\/2019\/08\/Capture-1-110x81.png",110,81,true],"magplus-small":["https:\/\/www.agencedh.org\/en\/wp-content\/uploads\/2019\/08\/Capture-1-183x96.png",183,96,true],"magplus-small-ver":["https:\/\/www.agencedh.org\/en\/wp-content\/uploads\/2019\/08\/Capture-1-225x305.png",225,305,true],"magplus-small-alt":["https:\/\/www.agencedh.org\/en\/wp-content\/uploads\/2019\/08\/Capture-1-80x80.png",80,80,true],"magplus-medium":["https:\/\/www.agencedh.org\/en\/wp-content\/uploads\/2019\/08\/Capture-1-394x218.png",394,218,true],"magplus-medium-ver":["https:\/\/www.agencedh.org\/en\/wp-content\/uploads\/2019\/08\/Capture-1-288x180.png",288,180,true],"magplus-medium-hor":["https:\/\/www.agencedh.org\/en\/wp-content\/uploads\/2019\/08\/Capture-1-335x160.png",335,160,true],"magplus-medium-alt":["https:\/\/www.agencedh.org\/en\/wp-content\/uploads\/2019\/08\/Capture-1-290x162.png",290,162,true],"magplus-big-alt":["https:\/\/www.agencedh.org\/en\/wp-content\/uploads\/2019\/08\/Capture-1.png",495,307,false],"magplus-big":["https:\/\/www.agencedh.org\/en\/wp-content\/uploads\/2019\/08\/Capture-1.png",495,307,false],"magplus-big-alt-2":["https:\/\/www.agencedh.org\/en\/wp-content\/uploads\/2019\/08\/Capture-1.png",495,307,false]},"rttpg_author":{"display_name":"agencenadmin","author_link":"https:\/\/www.agencedh.org\/en\/author\/agencenadmin\/"},"rttpg_comment":0,"rttpg_category":"<a href=\"https:\/\/www.agencedh.org\/en\/category\/anti-terror-alert\/\" rel=\"category tag\">ANTI-TERROR ALERT<\/a> <a href=\"https:\/\/www.agencedh.org\/en\/category\/asia-and-oceania\/\" rel=\"category tag\">Asia and Oceania<\/a> <a href=\"https:\/\/www.agencedh.org\/en\/category\/latest-news\/\" rel=\"category tag\">Latest news<\/a>","rttpg_excerpt":"A car bomb attack claimed by the Taliban has left at least 95 injured, &#8220;including a majority of women and children&#8221; Wednesday morning in western Kabul, according to the authorities. According to the photos and videos visible on the social networks, a huge plume of smoke rose in the sky of the capital, testifying to\u2026","_links":{"self":[{"href":"https:\/\/www.agencedh.org\/en\/wp-json\/wp\/v2\/posts\/3862","targetHints":{"allow":["GET"]}}],"collection":[{"href":"https:\/\/www.agencedh.org\/en\/wp-json\/wp\/v2\/posts"}],"about":[{"href":"https:\/\/www.agencedh.org\/en\/wp-json\/wp\/v2\/types\/post"}],"author":[{"embeddable":true,"href":"https:\/\/www.agencedh.org\/en\/wp-json\/wp\/v2\/users\/1"}],"replies":[{"embeddable":true,"href":"https:\/\/www.agencedh.org\/en\/wp-json\/wp\/v2\/comments?post=3862"}],"version-history":[{"count":0,"href":"https:\/\/www.agencedh.org\/en\/wp-json\/wp\/v2\/posts\/3862\/revisions"}],"wp:featuredmedia":[{"embeddable":true,"href":"https:\/\/www.agencedh.org\/en\/wp-json\/wp\/v2\/media\/3863"}],"wp:attachment":[{"href":"https:\/\/www.agencedh.org\/en\/wp-json\/wp\/v2\/media?parent=3862"}],"wp:term":[{"taxonomy":"category","embeddable":true,"href":"https:\/\/www.agencedh.org\/en\/wp-json\/wp\/v2\/categories?post=3862"},{"taxonomy":"post_tag","embeddable":true,"href":"https:\/\/www.agencedh.org\/en\/wp-json\/wp\/v2\/tags?post=3862"}],"curies":[{"name":"wp","href":"https:\/\/api.w.org\/{rel}","templated":true}]}}