{"id":5321,"date":"2024-05-09T13:19:14","date_gmt":"2024-05-09T13:19:14","guid":{"rendered":"https:\/\/www.agencedh.org\/en\/?p=5321"},"modified":"2024-05-09T13:19:14","modified_gmt":"2024-05-09T13:19:14","slug":"mali-an-extremist-group-linked-to-al-qaeda-accused-of-massacres-of-civilians","status":"publish","type":"post","link":"https:\/\/www.agencedh.org\/en\/mali-an-extremist-group-linked-to-al-qaeda-accused-of-massacres-of-civilians\/","title":{"rendered":"Mali: an extremist group linked to Al-Qaeda accused of massacres of civilians"},"content":{"rendered":"<h6><em>The group known as GSIM killed at least 32 people, including three children, in attacks on January 27 in the villages of Ogota and Ou\u00e9mb\u00e9.<\/em><\/h6>\n<p>An extremist group linked to Al-Qaeda carried out massacres in two villages in central Mali in January, Human Rights Watch said in a report Wednesday, in an apparent war crime that caused thousands of people to flee their homes.<\/p>\n<p>The group known as GSIM killed at least 32 people, including three children, in attacks on January 27 in the villages of Ogota and Ou\u00e9mb\u00e9, and burned more than 350 houses, the report said , citing villagers who described the carnage as ethnically motivated. The report also documents another incident in which an ethnic armed group killed 13 people and kidnapped 24 civilians in two other villages in central Mali on January 6.<\/p>\n<p>Malian authorities must act to end the deadly cycles of violence and revenge killings and better protect threatened civilians.<\/p>\n","protected":false},"excerpt":{"rendered":"<p>The group known as GSIM killed at least 32 people, including three children, in attacks on January 27 in the villages of Ogota and Ou\u00e9mb\u00e9. An extremist group linked to Al-Qaeda carried out massacres in two villages in central Mali in January, Human Rights Watch said in a report Wednesday, in an apparent war crime [&hellip;]<\/p>\n","protected":false},"author":1,"featured_media":4488,"comment_status":"open","ping_status":"open","sticky":false,"template":"","format":"standard","meta":{"footnotes":""},"categories":[48,503],"tags":[1255,1322,1323,272,498],"class_list":["post-5321","post","type-post","status-publish","format-standard","has-post-thumbnail","hentry","category-africa","category-latest-news","tag-adh","tag-al-qaeda","tag-extremist","tag-hrw","tag-mali"],"yoast_head":"<!-- This site is optimized with the Yoast SEO plugin v24.0 - https:\/\/yoast.com\/wordpress\/plugins\/seo\/ -->\n<title>Mali: an extremist group linked to Al-Qaeda accused of massacres of civilians - Human Rights Agency<\/title>\n<meta name=\"description\" content=\"The group known as GSIM killed at least 32 people, including three children, in attacks on January 27 in the villages of Ogota and Ou\u00e9mb\u00e9.\" \/>\n<meta name=\"robots\" content=\"index, follow, max-snippet:-1, max-image-preview:large, max-video-preview:-1\" \/>\n<link rel=\"canonical\" href=\"https:\/\/www.agencedh.org\/en\/mali-an-extremist-group-linked-to-al-qaeda-accused-of-massacres-of-civilians\/\" \/>\n<meta property=\"og:locale\" content=\"fr_FR\" \/>\n<meta property=\"og:type\" content=\"article\" \/>\n<meta property=\"og:title\" content=\"Mali: an extremist group linked to Al-Qaeda accused of massacres of civilians - Human Rights Agency\" \/>\n<meta property=\"og:description\" content=\"The group known as GSIM killed at least 32 people, including three children, in attacks on January 27 in the villages of Ogota and Ou\u00e9mb\u00e9.\" \/>\n<meta property=\"og:url\" content=\"https:\/\/www.agencedh.org\/en\/mali-an-extremist-group-linked-to-al-qaeda-accused-of-massacres-of-civilians\/\" \/>\n<meta property=\"og:site_name\" content=\"Human Rights Agency\" \/>\n<meta property=\"article:published_time\" content=\"2024-05-09T13:19:14+00:00\" \/>\n<meta property=\"og:image\" content=\"https:\/\/www.agencedh.org\/en\/wp-content\/uploads\/2022\/02\/mali-carte-3.jpg\" \/>\n\t<meta property=\"og:image:width\" content=\"519\" \/>\n\t<meta property=\"og:image:height\" content=\"449\" \/>\n\t<meta property=\"og:image:type\" content=\"image\/jpeg\" \/>\n<meta name=\"author\" content=\"agencenadmin\" \/>\n<meta name=\"twitter:card\" content=\"summary_large_image\" \/>\n<meta name=\"twitter:label1\" content=\"\u00c9crit par\" \/>\n\t<meta name=\"twitter:data1\" content=\"agencenadmin\" \/>\n\t<meta name=\"twitter:label2\" content=\"Dur\u00e9e de lecture estim\u00e9e\" \/>\n\t<meta name=\"twitter:data2\" content=\"1 minute\" \/>\n<script type=\"application\/ld+json\" class=\"yoast-schema-graph\">{\"@context\":\"https:\/\/schema.org\",\"@graph\":[{\"@type\":\"WebPage\",\"@id\":\"https:\/\/www.agencedh.org\/en\/mali-an-extremist-group-linked-to-al-qaeda-accused-of-massacres-of-civilians\/\",\"url\":\"https:\/\/www.agencedh.org\/en\/mali-an-extremist-group-linked-to-al-qaeda-accused-of-massacres-of-civilians\/\",\"name\":\"Mali: an extremist group linked to Al-Qaeda accused of massacres of civilians - Human Rights Agency\",\"isPartOf\":{\"@id\":\"https:\/\/www.agencedh.org\/en\/#website\"},\"primaryImageOfPage\":{\"@id\":\"https:\/\/www.agencedh.org\/en\/mali-an-extremist-group-linked-to-al-qaeda-accused-of-massacres-of-civilians\/#primaryimage\"},\"image\":{\"@id\":\"https:\/\/www.agencedh.org\/en\/mali-an-extremist-group-linked-to-al-qaeda-accused-of-massacres-of-civilians\/#primaryimage\"},\"thumbnailUrl\":\"https:\/\/www.agencedh.org\/en\/wp-content\/uploads\/2022\/02\/mali-carte-3.jpg\",\"datePublished\":\"2024-05-09T13:19:14+00:00\",\"dateModified\":\"2024-05-09T13:19:14+00:00\",\"author\":{\"@id\":\"https:\/\/www.agencedh.org\/en\/#\/schema\/person\/e96efebcc4d17188d822aecf3d196f78\"},\"description\":\"The group known as GSIM killed at least 32 people, including three children, in attacks on January 27 in the villages of Ogota and Ou\u00e9mb\u00e9.\",\"breadcrumb\":{\"@id\":\"https:\/\/www.agencedh.org\/en\/mali-an-extremist-group-linked-to-al-qaeda-accused-of-massacres-of-civilians\/#breadcrumb\"},\"inLanguage\":\"fr-FR\",\"potentialAction\":[{\"@type\":\"ReadAction\",\"target\":[\"https:\/\/www.agencedh.org\/en\/mali-an-extremist-group-linked-to-al-qaeda-accused-of-massacres-of-civilians\/\"]}]},{\"@type\":\"ImageObject\",\"inLanguage\":\"fr-FR\",\"@id\":\"https:\/\/www.agencedh.org\/en\/mali-an-extremist-group-linked-to-al-qaeda-accused-of-massacres-of-civilians\/#primaryimage\",\"url\":\"https:\/\/www.agencedh.org\/en\/wp-content\/uploads\/2022\/02\/mali-carte-3.jpg\",\"contentUrl\":\"https:\/\/www.agencedh.org\/en\/wp-content\/uploads\/2022\/02\/mali-carte-3.jpg\",\"width\":519,\"height\":449},{\"@type\":\"BreadcrumbList\",\"@id\":\"https:\/\/www.agencedh.org\/en\/mali-an-extremist-group-linked-to-al-qaeda-accused-of-massacres-of-civilians\/#breadcrumb\",\"itemListElement\":[{\"@type\":\"ListItem\",\"position\":1,\"name\":\"Accueil\",\"item\":\"https:\/\/www.agencedh.org\/en\/\"},{\"@type\":\"ListItem\",\"position\":2,\"name\":\"Mali: an extremist group linked to Al-Qaeda accused of massacres of civilians\"}]},{\"@type\":\"WebSite\",\"@id\":\"https:\/\/www.agencedh.org\/en\/#website\",\"url\":\"https:\/\/www.agencedh.org\/en\/\",\"name\":\"Human Rights Agency\",\"description\":\"The HRA seeks to cooperate with African citizens, and African NGOs, as correspondents, to fight for human rights in their regions.\",\"potentialAction\":[{\"@type\":\"SearchAction\",\"target\":{\"@type\":\"EntryPoint\",\"urlTemplate\":\"https:\/\/www.agencedh.org\/en\/?s={search_term_string}\"},\"query-input\":{\"@type\":\"PropertyValueSpecification\",\"valueRequired\":true,\"valueName\":\"search_term_string\"}}],\"inLanguage\":\"fr-FR\"},{\"@type\":\"Person\",\"@id\":\"https:\/\/www.agencedh.org\/en\/#\/schema\/person\/e96efebcc4d17188d822aecf3d196f78\",\"name\":\"agencenadmin\",\"image\":{\"@type\":\"ImageObject\",\"inLanguage\":\"fr-FR\",\"@id\":\"https:\/\/www.agencedh.org\/en\/#\/schema\/person\/image\/\",\"url\":\"https:\/\/secure.gravatar.com\/avatar\/ff952971b712533bbeb7ed4dad462caf467e53008f4223eb6ea306b5c3c0220b?s=96&d=mm&r=g\",\"contentUrl\":\"https:\/\/secure.gravatar.com\/avatar\/ff952971b712533bbeb7ed4dad462caf467e53008f4223eb6ea306b5c3c0220b?s=96&d=mm&r=g\",\"caption\":\"agencenadmin\"},\"sameAs\":[\"https:\/\/www.agencedh.org\/en\"],\"url\":\"https:\/\/www.agencedh.org\/en\/author\/agencenadmin\/\"}]}<\/script>\n<!-- \/ Yoast SEO plugin. -->","yoast_head_json":{"title":"Mali: an extremist group linked to Al-Qaeda accused of massacres of civilians - Human Rights Agency","description":"The group known as GSIM killed at least 32 people, including three children, in attacks on January 27 in the villages of Ogota and Ou\u00e9mb\u00e9.","robots":{"index":"index","follow":"follow","max-snippet":"max-snippet:-1","max-image-preview":"max-image-preview:large","max-video-preview":"max-video-preview:-1"},"canonical":"https:\/\/www.agencedh.org\/en\/mali-an-extremist-group-linked-to-al-qaeda-accused-of-massacres-of-civilians\/","og_locale":"fr_FR","og_type":"article","og_title":"Mali: an extremist group linked to Al-Qaeda accused of massacres of civilians - Human Rights Agency","og_description":"The group known as GSIM killed at least 32 people, including three children, in attacks on January 27 in the villages of Ogota and Ou\u00e9mb\u00e9.","og_url":"https:\/\/www.agencedh.org\/en\/mali-an-extremist-group-linked-to-al-qaeda-accused-of-massacres-of-civilians\/","og_site_name":"Human Rights Agency","article_published_time":"2024-05-09T13:19:14+00:00","og_image":[{"width":519,"height":449,"url":"https:\/\/www.agencedh.org\/en\/wp-content\/uploads\/2022\/02\/mali-carte-3.jpg","type":"image\/jpeg"}],"author":"agencenadmin","twitter_card":"summary_large_image","twitter_misc":{"\u00c9crit par":"agencenadmin","Dur\u00e9e de lecture estim\u00e9e":"1 minute"},"schema":{"@context":"https:\/\/schema.org","@graph":[{"@type":"WebPage","@id":"https:\/\/www.agencedh.org\/en\/mali-an-extremist-group-linked-to-al-qaeda-accused-of-massacres-of-civilians\/","url":"https:\/\/www.agencedh.org\/en\/mali-an-extremist-group-linked-to-al-qaeda-accused-of-massacres-of-civilians\/","name":"Mali: an extremist group linked to Al-Qaeda accused of massacres of civilians - Human Rights Agency","isPartOf":{"@id":"https:\/\/www.agencedh.org\/en\/#website"},"primaryImageOfPage":{"@id":"https:\/\/www.agencedh.org\/en\/mali-an-extremist-group-linked-to-al-qaeda-accused-of-massacres-of-civilians\/#primaryimage"},"image":{"@id":"https:\/\/www.agencedh.org\/en\/mali-an-extremist-group-linked-to-al-qaeda-accused-of-massacres-of-civilians\/#primaryimage"},"thumbnailUrl":"https:\/\/www.agencedh.org\/en\/wp-content\/uploads\/2022\/02\/mali-carte-3.jpg","datePublished":"2024-05-09T13:19:14+00:00","dateModified":"2024-05-09T13:19:14+00:00","author":{"@id":"https:\/\/www.agencedh.org\/en\/#\/schema\/person\/e96efebcc4d17188d822aecf3d196f78"},"description":"The group known as GSIM killed at least 32 people, including three children, in attacks on January 27 in the villages of Ogota and Ou\u00e9mb\u00e9.","breadcrumb":{"@id":"https:\/\/www.agencedh.org\/en\/mali-an-extremist-group-linked-to-al-qaeda-accused-of-massacres-of-civilians\/#breadcrumb"},"inLanguage":"fr-FR","potentialAction":[{"@type":"ReadAction","target":["https:\/\/www.agencedh.org\/en\/mali-an-extremist-group-linked-to-al-qaeda-accused-of-massacres-of-civilians\/"]}]},{"@type":"ImageObject","inLanguage":"fr-FR","@id":"https:\/\/www.agencedh.org\/en\/mali-an-extremist-group-linked-to-al-qaeda-accused-of-massacres-of-civilians\/#primaryimage","url":"https:\/\/www.agencedh.org\/en\/wp-content\/uploads\/2022\/02\/mali-carte-3.jpg","contentUrl":"https:\/\/www.agencedh.org\/en\/wp-content\/uploads\/2022\/02\/mali-carte-3.jpg","width":519,"height":449},{"@type":"BreadcrumbList","@id":"https:\/\/www.agencedh.org\/en\/mali-an-extremist-group-linked-to-al-qaeda-accused-of-massacres-of-civilians\/#breadcrumb","itemListElement":[{"@type":"ListItem","position":1,"name":"Accueil","item":"https:\/\/www.agencedh.org\/en\/"},{"@type":"ListItem","position":2,"name":"Mali: an extremist group linked to Al-Qaeda accused of massacres of civilians"}]},{"@type":"WebSite","@id":"https:\/\/www.agencedh.org\/en\/#website","url":"https:\/\/www.agencedh.org\/en\/","name":"Human Rights Agency","description":"The HRA seeks to cooperate with African citizens, and African NGOs, as correspondents, to fight for human rights in their regions.","potentialAction":[{"@type":"SearchAction","target":{"@type":"EntryPoint","urlTemplate":"https:\/\/www.agencedh.org\/en\/?s={search_term_string}"},"query-input":{"@type":"PropertyValueSpecification","valueRequired":true,"valueName":"search_term_string"}}],"inLanguage":"fr-FR"},{"@type":"Person","@id":"https:\/\/www.agencedh.org\/en\/#\/schema\/person\/e96efebcc4d17188d822aecf3d196f78","name":"agencenadmin","image":{"@type":"ImageObject","inLanguage":"fr-FR","@id":"https:\/\/www.agencedh.org\/en\/#\/schema\/person\/image\/","url":"https:\/\/secure.gravatar.com\/avatar\/ff952971b712533bbeb7ed4dad462caf467e53008f4223eb6ea306b5c3c0220b?s=96&d=mm&r=g","contentUrl":"https:\/\/secure.gravatar.com\/avatar\/ff952971b712533bbeb7ed4dad462caf467e53008f4223eb6ea306b5c3c0220b?s=96&d=mm&r=g","caption":"agencenadmin"},"sameAs":["https:\/\/www.agencedh.org\/en"],"url":"https:\/\/www.agencedh.org\/en\/author\/agencenadmin\/"}]}},"rttpg_featured_image_url":{"full":["https:\/\/www.agencedh.org\/en\/wp-content\/uploads\/2022\/02\/mali-carte-3.jpg",519,449,false],"landscape":["https:\/\/www.agencedh.org\/en\/wp-content\/uploads\/2022\/02\/mali-carte-3.jpg",519,449,false],"portraits":["https:\/\/www.agencedh.org\/en\/wp-content\/uploads\/2022\/02\/mali-carte-3.jpg",519,449,false],"thumbnail":["https:\/\/www.agencedh.org\/en\/wp-content\/uploads\/2022\/02\/mali-carte-3-150x150.jpg",150,150,true],"medium":["https:\/\/www.agencedh.org\/en\/wp-content\/uploads\/2022\/02\/mali-carte-3-300x260.jpg",300,260,true],"large":["https:\/\/www.agencedh.org\/en\/wp-content\/uploads\/2022\/02\/mali-carte-3.jpg",519,449,false],"1536x1536":["https:\/\/www.agencedh.org\/en\/wp-content\/uploads\/2022\/02\/mali-carte-3.jpg",519,449,false],"2048x2048":["https:\/\/www.agencedh.org\/en\/wp-content\/uploads\/2022\/02\/mali-carte-3.jpg",519,449,false],"wpvqgr-square-answer":["https:\/\/www.agencedh.org\/en\/wp-content\/uploads\/2022\/02\/mali-carte-3-300x300.jpg",300,300,true],"magplus-small-hor":["https:\/\/www.agencedh.org\/en\/wp-content\/uploads\/2022\/02\/mali-carte-3-110x81.jpg",110,81,true],"magplus-small":["https:\/\/www.agencedh.org\/en\/wp-content\/uploads\/2022\/02\/mali-carte-3-183x96.jpg",183,96,true],"magplus-small-ver":["https:\/\/www.agencedh.org\/en\/wp-content\/uploads\/2022\/02\/mali-carte-3-225x305.jpg",225,305,true],"magplus-small-alt":["https:\/\/www.agencedh.org\/en\/wp-content\/uploads\/2022\/02\/mali-carte-3-80x80.jpg",80,80,true],"magplus-medium":["https:\/\/www.agencedh.org\/en\/wp-content\/uploads\/2022\/02\/mali-carte-3-394x218.jpg",394,218,true],"magplus-medium-ver":["https:\/\/www.agencedh.org\/en\/wp-content\/uploads\/2022\/02\/mali-carte-3-288x180.jpg",288,180,true],"magplus-medium-hor":["https:\/\/www.agencedh.org\/en\/wp-content\/uploads\/2022\/02\/mali-carte-3-335x160.jpg",335,160,true],"magplus-medium-alt":["https:\/\/www.agencedh.org\/en\/wp-content\/uploads\/2022\/02\/mali-carte-3-290x162.jpg",290,162,true],"magplus-big-alt":["https:\/\/www.agencedh.org\/en\/wp-content\/uploads\/2022\/02\/mali-carte-3.jpg",519,449,false],"magplus-big":["https:\/\/www.agencedh.org\/en\/wp-content\/uploads\/2022\/02\/mali-carte-3-519x394.jpg",519,394,true],"magplus-big-alt-2":["https:\/\/www.agencedh.org\/en\/wp-content\/uploads\/2022\/02\/mali-carte-3-519x307.jpg",519,307,true]},"rttpg_author":{"display_name":"agencenadmin","author_link":"https:\/\/www.agencedh.org\/en\/author\/agencenadmin\/"},"rttpg_comment":0,"rttpg_category":"<a href=\"https:\/\/www.agencedh.org\/en\/category\/africa\/\" rel=\"category tag\">Africa<\/a> <a href=\"https:\/\/www.agencedh.org\/en\/category\/latest-news\/\" rel=\"category tag\">Latest news<\/a>","rttpg_excerpt":"The group known as GSIM killed at least 32 people, including three children, in attacks on January 27 in the villages of Ogota and Ou\u00e9mb\u00e9. An extremist group linked to Al-Qaeda carried out massacres in two villages in central Mali in January, Human Rights Watch said in a report Wednesday, in an apparent war crime\u2026","_links":{"self":[{"href":"https:\/\/www.agencedh.org\/en\/wp-json\/wp\/v2\/posts\/5321","targetHints":{"allow":["GET"]}}],"collection":[{"href":"https:\/\/www.agencedh.org\/en\/wp-json\/wp\/v2\/posts"}],"about":[{"href":"https:\/\/www.agencedh.org\/en\/wp-json\/wp\/v2\/types\/post"}],"author":[{"embeddable":true,"href":"https:\/\/www.agencedh.org\/en\/wp-json\/wp\/v2\/users\/1"}],"replies":[{"embeddable":true,"href":"https:\/\/www.agencedh.org\/en\/wp-json\/wp\/v2\/comments?post=5321"}],"version-history":[{"count":1,"href":"https:\/\/www.agencedh.org\/en\/wp-json\/wp\/v2\/posts\/5321\/revisions"}],"predecessor-version":[{"id":5322,"href":"https:\/\/www.agencedh.org\/en\/wp-json\/wp\/v2\/posts\/5321\/revisions\/5322"}],"wp:featuredmedia":[{"embeddable":true,"href":"https:\/\/www.agencedh.org\/en\/wp-json\/wp\/v2\/media\/4488"}],"wp:attachment":[{"href":"https:\/\/www.agencedh.org\/en\/wp-json\/wp\/v2\/media?parent=5321"}],"wp:term":[{"taxonomy":"category","embeddable":true,"href":"https:\/\/www.agencedh.org\/en\/wp-json\/wp\/v2\/categories?post=5321"},{"taxonomy":"post_tag","embeddable":true,"href":"https:\/\/www.agencedh.org\/en\/wp-json\/wp\/v2\/tags?post=5321"}],"curies":[{"name":"wp","href":"https:\/\/api.w.org\/{rel}","templated":true}]}}