{"id":5981,"date":"2025-10-27T09:27:10","date_gmt":"2025-10-27T09:27:10","guid":{"rendered":"https:\/\/www.agencedh.org\/en\/?p=5981"},"modified":"2025-10-27T09:27:10","modified_gmt":"2025-10-27T09:27:10","slug":"in-south-africa-the-gaza-issue-dominates-the-mandela-foundations-annual-conference","status":"publish","type":"post","link":"https:\/\/www.agencedh.org\/en\/in-south-africa-the-gaza-issue-dominates-the-mandela-foundations-annual-conference\/","title":{"rendered":"In South Africa, the Gaza Issue Dominates the Mandela Foundation\u2019s Annual Conference"},"content":{"rendered":"<h6><em>The Palestinian struggle today embodies the same fight for justice and freedom once waged against apartheid.<\/em><\/h6>\n<p>At the 23rd Nelson Mandela Foundation Annual Conference in Johannesburg, the UN Special Rapporteur on the Occupied Palestinian Territories, Francesca Albanese, drew parallels between the situation in Gaza and Nelson Mandela\u2019s struggle against apartheid. She emphasized that the injustices born of colonialism remain a global moral failure, asserting that the Palestinian cause today symbolizes the universal struggle for justice.<\/p>\n<p>South Africa, which has taken the matter to the International Court of Justice to denounce alleged genocide by Israel, views Gaza as a powerful reminder of the fight for human dignity. Albanese concluded that the images of the war, broadcast in real time, are awakening the conscience and solidarity of new generations around the world.<\/p>\n<p>Just as South Africans once lived behind the invisible walls of segregation, Palestinians today live behind very real walls dividing their land and their lives. Under apartheid, an entire people were deprived of freedom, movement, and dignity \u2014 a pain Nelson Mandela carried for 27 years. Today, in Gaza, entire families experience the same sense of imprisonment, the same struggle to exist in the face of a system of oppression.<\/p>\n<p>South Africa was liberated through global solidarity; Palestine, in turn, embodies that same call for justice and universal humanity.<\/p>\n","protected":false},"excerpt":{"rendered":"<p>The Palestinian struggle today embodies the same fight for justice and freedom once waged against apartheid. At the 23rd Nelson Mandela Foundation Annual Conference in Johannesburg, the UN Special Rapporteur on the Occupied Palestinian Territories, Francesca Albanese, drew parallels between the situation in Gaza and Nelson Mandela\u2019s struggle against apartheid. She emphasized that the injustices [&hellip;]<\/p>\n","protected":false},"author":1,"featured_media":5982,"comment_status":"closed","ping_status":"closed","sticky":false,"template":"","format":"standard","meta":{"footnotes":""},"categories":[48,503],"tags":[1336,1343,162,1449,223],"class_list":["post-5981","post","type-post","status-publish","format-standard","has-post-thumbnail","hentry","category-africa","category-latest-news","tag-apartheid","tag-freedom","tag-gaza","tag-humanity","tag-justice"],"yoast_head":"<!-- This site is optimized with the Yoast SEO plugin v24.0 - https:\/\/yoast.com\/wordpress\/plugins\/seo\/ -->\n<title>In South Africa, the Gaza Issue Dominates the Mandela Foundation\u2019s Annual Conference - Human Rights Agency<\/title>\n<meta name=\"description\" content=\"The Palestinian struggle today embodies the same fight for justice and freedom as that waged against apartheid.\" \/>\n<meta name=\"robots\" content=\"index, follow, max-snippet:-1, max-image-preview:large, max-video-preview:-1\" \/>\n<link rel=\"canonical\" href=\"https:\/\/www.agencedh.org\/en\/in-south-africa-the-gaza-issue-dominates-the-mandela-foundations-annual-conference\/\" \/>\n<meta property=\"og:locale\" content=\"fr_FR\" \/>\n<meta property=\"og:type\" content=\"article\" \/>\n<meta property=\"og:title\" content=\"In South Africa, the Gaza Issue Dominates the Mandela Foundation\u2019s Annual Conference - Human Rights Agency\" \/>\n<meta property=\"og:description\" content=\"The Palestinian struggle today embodies the same fight for justice and freedom as that waged against apartheid.\" \/>\n<meta property=\"og:url\" content=\"https:\/\/www.agencedh.org\/en\/in-south-africa-the-gaza-issue-dominates-the-mandela-foundations-annual-conference\/\" \/>\n<meta property=\"og:site_name\" content=\"Human Rights Agency\" \/>\n<meta property=\"article:published_time\" content=\"2025-10-27T09:27:10+00:00\" \/>\n<meta property=\"og:image\" content=\"https:\/\/www.agencedh.org\/en\/wp-content\/uploads\/2025\/10\/nelson-mandela.jpg\" \/>\n\t<meta property=\"og:image:width\" content=\"521\" \/>\n\t<meta property=\"og:image:height\" content=\"356\" \/>\n\t<meta property=\"og:image:type\" content=\"image\/jpeg\" \/>\n<meta name=\"author\" content=\"agencenadmin\" \/>\n<meta name=\"twitter:card\" content=\"summary_large_image\" \/>\n<meta name=\"twitter:label1\" content=\"\u00c9crit par\" \/>\n\t<meta name=\"twitter:data1\" content=\"agencenadmin\" \/>\n\t<meta name=\"twitter:label2\" content=\"Dur\u00e9e de lecture estim\u00e9e\" \/>\n\t<meta name=\"twitter:data2\" content=\"2 minutes\" \/>\n<script type=\"application\/ld+json\" class=\"yoast-schema-graph\">{\"@context\":\"https:\/\/schema.org\",\"@graph\":[{\"@type\":\"WebPage\",\"@id\":\"https:\/\/www.agencedh.org\/en\/in-south-africa-the-gaza-issue-dominates-the-mandela-foundations-annual-conference\/\",\"url\":\"https:\/\/www.agencedh.org\/en\/in-south-africa-the-gaza-issue-dominates-the-mandela-foundations-annual-conference\/\",\"name\":\"In South Africa, the Gaza Issue Dominates the Mandela Foundation\u2019s Annual Conference - Human Rights Agency\",\"isPartOf\":{\"@id\":\"https:\/\/www.agencedh.org\/en\/#website\"},\"primaryImageOfPage\":{\"@id\":\"https:\/\/www.agencedh.org\/en\/in-south-africa-the-gaza-issue-dominates-the-mandela-foundations-annual-conference\/#primaryimage\"},\"image\":{\"@id\":\"https:\/\/www.agencedh.org\/en\/in-south-africa-the-gaza-issue-dominates-the-mandela-foundations-annual-conference\/#primaryimage\"},\"thumbnailUrl\":\"https:\/\/www.agencedh.org\/en\/wp-content\/uploads\/2025\/10\/nelson-mandela.jpg\",\"datePublished\":\"2025-10-27T09:27:10+00:00\",\"dateModified\":\"2025-10-27T09:27:10+00:00\",\"author\":{\"@id\":\"https:\/\/www.agencedh.org\/en\/#\/schema\/person\/e96efebcc4d17188d822aecf3d196f78\"},\"description\":\"The Palestinian struggle today embodies the same fight for justice and freedom as that waged against apartheid.\",\"breadcrumb\":{\"@id\":\"https:\/\/www.agencedh.org\/en\/in-south-africa-the-gaza-issue-dominates-the-mandela-foundations-annual-conference\/#breadcrumb\"},\"inLanguage\":\"fr-FR\",\"potentialAction\":[{\"@type\":\"ReadAction\",\"target\":[\"https:\/\/www.agencedh.org\/en\/in-south-africa-the-gaza-issue-dominates-the-mandela-foundations-annual-conference\/\"]}]},{\"@type\":\"ImageObject\",\"inLanguage\":\"fr-FR\",\"@id\":\"https:\/\/www.agencedh.org\/en\/in-south-africa-the-gaza-issue-dominates-the-mandela-foundations-annual-conference\/#primaryimage\",\"url\":\"https:\/\/www.agencedh.org\/en\/wp-content\/uploads\/2025\/10\/nelson-mandela.jpg\",\"contentUrl\":\"https:\/\/www.agencedh.org\/en\/wp-content\/uploads\/2025\/10\/nelson-mandela.jpg\",\"width\":521,\"height\":356},{\"@type\":\"BreadcrumbList\",\"@id\":\"https:\/\/www.agencedh.org\/en\/in-south-africa-the-gaza-issue-dominates-the-mandela-foundations-annual-conference\/#breadcrumb\",\"itemListElement\":[{\"@type\":\"ListItem\",\"position\":1,\"name\":\"Accueil\",\"item\":\"https:\/\/www.agencedh.org\/en\/\"},{\"@type\":\"ListItem\",\"position\":2,\"name\":\"In South Africa, the Gaza Issue Dominates the Mandela Foundation\u2019s Annual Conference\"}]},{\"@type\":\"WebSite\",\"@id\":\"https:\/\/www.agencedh.org\/en\/#website\",\"url\":\"https:\/\/www.agencedh.org\/en\/\",\"name\":\"Human Rights Agency\",\"description\":\"The HRA seeks to cooperate with African citizens, and African NGOs, as correspondents, to fight for human rights in their regions.\",\"potentialAction\":[{\"@type\":\"SearchAction\",\"target\":{\"@type\":\"EntryPoint\",\"urlTemplate\":\"https:\/\/www.agencedh.org\/en\/?s={search_term_string}\"},\"query-input\":{\"@type\":\"PropertyValueSpecification\",\"valueRequired\":true,\"valueName\":\"search_term_string\"}}],\"inLanguage\":\"fr-FR\"},{\"@type\":\"Person\",\"@id\":\"https:\/\/www.agencedh.org\/en\/#\/schema\/person\/e96efebcc4d17188d822aecf3d196f78\",\"name\":\"agencenadmin\",\"image\":{\"@type\":\"ImageObject\",\"inLanguage\":\"fr-FR\",\"@id\":\"https:\/\/www.agencedh.org\/en\/#\/schema\/person\/image\/\",\"url\":\"https:\/\/secure.gravatar.com\/avatar\/ff952971b712533bbeb7ed4dad462caf467e53008f4223eb6ea306b5c3c0220b?s=96&d=mm&r=g\",\"contentUrl\":\"https:\/\/secure.gravatar.com\/avatar\/ff952971b712533bbeb7ed4dad462caf467e53008f4223eb6ea306b5c3c0220b?s=96&d=mm&r=g\",\"caption\":\"agencenadmin\"},\"sameAs\":[\"https:\/\/www.agencedh.org\/en\"],\"url\":\"https:\/\/www.agencedh.org\/en\/author\/agencenadmin\/\"}]}<\/script>\n<!-- \/ Yoast SEO plugin. -->","yoast_head_json":{"title":"In South Africa, the Gaza Issue Dominates the Mandela Foundation\u2019s Annual Conference - Human Rights Agency","description":"The Palestinian struggle today embodies the same fight for justice and freedom as that waged against apartheid.","robots":{"index":"index","follow":"follow","max-snippet":"max-snippet:-1","max-image-preview":"max-image-preview:large","max-video-preview":"max-video-preview:-1"},"canonical":"https:\/\/www.agencedh.org\/en\/in-south-africa-the-gaza-issue-dominates-the-mandela-foundations-annual-conference\/","og_locale":"fr_FR","og_type":"article","og_title":"In South Africa, the Gaza Issue Dominates the Mandela Foundation\u2019s Annual Conference - Human Rights Agency","og_description":"The Palestinian struggle today embodies the same fight for justice and freedom as that waged against apartheid.","og_url":"https:\/\/www.agencedh.org\/en\/in-south-africa-the-gaza-issue-dominates-the-mandela-foundations-annual-conference\/","og_site_name":"Human Rights Agency","article_published_time":"2025-10-27T09:27:10+00:00","og_image":[{"width":521,"height":356,"url":"https:\/\/www.agencedh.org\/en\/wp-content\/uploads\/2025\/10\/nelson-mandela.jpg","type":"image\/jpeg"}],"author":"agencenadmin","twitter_card":"summary_large_image","twitter_misc":{"\u00c9crit par":"agencenadmin","Dur\u00e9e de lecture estim\u00e9e":"2 minutes"},"schema":{"@context":"https:\/\/schema.org","@graph":[{"@type":"WebPage","@id":"https:\/\/www.agencedh.org\/en\/in-south-africa-the-gaza-issue-dominates-the-mandela-foundations-annual-conference\/","url":"https:\/\/www.agencedh.org\/en\/in-south-africa-the-gaza-issue-dominates-the-mandela-foundations-annual-conference\/","name":"In South Africa, the Gaza Issue Dominates the Mandela Foundation\u2019s Annual Conference - Human Rights Agency","isPartOf":{"@id":"https:\/\/www.agencedh.org\/en\/#website"},"primaryImageOfPage":{"@id":"https:\/\/www.agencedh.org\/en\/in-south-africa-the-gaza-issue-dominates-the-mandela-foundations-annual-conference\/#primaryimage"},"image":{"@id":"https:\/\/www.agencedh.org\/en\/in-south-africa-the-gaza-issue-dominates-the-mandela-foundations-annual-conference\/#primaryimage"},"thumbnailUrl":"https:\/\/www.agencedh.org\/en\/wp-content\/uploads\/2025\/10\/nelson-mandela.jpg","datePublished":"2025-10-27T09:27:10+00:00","dateModified":"2025-10-27T09:27:10+00:00","author":{"@id":"https:\/\/www.agencedh.org\/en\/#\/schema\/person\/e96efebcc4d17188d822aecf3d196f78"},"description":"The Palestinian struggle today embodies the same fight for justice and freedom as that waged against apartheid.","breadcrumb":{"@id":"https:\/\/www.agencedh.org\/en\/in-south-africa-the-gaza-issue-dominates-the-mandela-foundations-annual-conference\/#breadcrumb"},"inLanguage":"fr-FR","potentialAction":[{"@type":"ReadAction","target":["https:\/\/www.agencedh.org\/en\/in-south-africa-the-gaza-issue-dominates-the-mandela-foundations-annual-conference\/"]}]},{"@type":"ImageObject","inLanguage":"fr-FR","@id":"https:\/\/www.agencedh.org\/en\/in-south-africa-the-gaza-issue-dominates-the-mandela-foundations-annual-conference\/#primaryimage","url":"https:\/\/www.agencedh.org\/en\/wp-content\/uploads\/2025\/10\/nelson-mandela.jpg","contentUrl":"https:\/\/www.agencedh.org\/en\/wp-content\/uploads\/2025\/10\/nelson-mandela.jpg","width":521,"height":356},{"@type":"BreadcrumbList","@id":"https:\/\/www.agencedh.org\/en\/in-south-africa-the-gaza-issue-dominates-the-mandela-foundations-annual-conference\/#breadcrumb","itemListElement":[{"@type":"ListItem","position":1,"name":"Accueil","item":"https:\/\/www.agencedh.org\/en\/"},{"@type":"ListItem","position":2,"name":"In South Africa, the Gaza Issue Dominates the Mandela Foundation\u2019s Annual Conference"}]},{"@type":"WebSite","@id":"https:\/\/www.agencedh.org\/en\/#website","url":"https:\/\/www.agencedh.org\/en\/","name":"Human Rights Agency","description":"The HRA seeks to cooperate with African citizens, and African NGOs, as correspondents, to fight for human rights in their regions.","potentialAction":[{"@type":"SearchAction","target":{"@type":"EntryPoint","urlTemplate":"https:\/\/www.agencedh.org\/en\/?s={search_term_string}"},"query-input":{"@type":"PropertyValueSpecification","valueRequired":true,"valueName":"search_term_string"}}],"inLanguage":"fr-FR"},{"@type":"Person","@id":"https:\/\/www.agencedh.org\/en\/#\/schema\/person\/e96efebcc4d17188d822aecf3d196f78","name":"agencenadmin","image":{"@type":"ImageObject","inLanguage":"fr-FR","@id":"https:\/\/www.agencedh.org\/en\/#\/schema\/person\/image\/","url":"https:\/\/secure.gravatar.com\/avatar\/ff952971b712533bbeb7ed4dad462caf467e53008f4223eb6ea306b5c3c0220b?s=96&d=mm&r=g","contentUrl":"https:\/\/secure.gravatar.com\/avatar\/ff952971b712533bbeb7ed4dad462caf467e53008f4223eb6ea306b5c3c0220b?s=96&d=mm&r=g","caption":"agencenadmin"},"sameAs":["https:\/\/www.agencedh.org\/en"],"url":"https:\/\/www.agencedh.org\/en\/author\/agencenadmin\/"}]}},"rttpg_featured_image_url":{"full":["https:\/\/www.agencedh.org\/en\/wp-content\/uploads\/2025\/10\/nelson-mandela.jpg",521,356,false],"landscape":["https:\/\/www.agencedh.org\/en\/wp-content\/uploads\/2025\/10\/nelson-mandela.jpg",521,356,false],"portraits":["https:\/\/www.agencedh.org\/en\/wp-content\/uploads\/2025\/10\/nelson-mandela.jpg",521,356,false],"thumbnail":["https:\/\/www.agencedh.org\/en\/wp-content\/uploads\/2025\/10\/nelson-mandela-150x150.jpg",150,150,true],"medium":["https:\/\/www.agencedh.org\/en\/wp-content\/uploads\/2025\/10\/nelson-mandela-300x205.jpg",300,205,true],"large":["https:\/\/www.agencedh.org\/en\/wp-content\/uploads\/2025\/10\/nelson-mandela.jpg",521,356,false],"1536x1536":["https:\/\/www.agencedh.org\/en\/wp-content\/uploads\/2025\/10\/nelson-mandela.jpg",521,356,false],"2048x2048":["https:\/\/www.agencedh.org\/en\/wp-content\/uploads\/2025\/10\/nelson-mandela.jpg",521,356,false],"wpvqgr-square-answer":["https:\/\/www.agencedh.org\/en\/wp-content\/uploads\/2025\/10\/nelson-mandela-300x300.jpg",300,300,true],"magplus-small-hor":["https:\/\/www.agencedh.org\/en\/wp-content\/uploads\/2025\/10\/nelson-mandela-110x81.jpg",110,81,true],"magplus-small":["https:\/\/www.agencedh.org\/en\/wp-content\/uploads\/2025\/10\/nelson-mandela-183x96.jpg",183,96,true],"magplus-small-ver":["https:\/\/www.agencedh.org\/en\/wp-content\/uploads\/2025\/10\/nelson-mandela-225x305.jpg",225,305,true],"magplus-small-alt":["https:\/\/www.agencedh.org\/en\/wp-content\/uploads\/2025\/10\/nelson-mandela-80x80.jpg",80,80,true],"magplus-medium":["https:\/\/www.agencedh.org\/en\/wp-content\/uploads\/2025\/10\/nelson-mandela-394x218.jpg",394,218,true],"magplus-medium-ver":["https:\/\/www.agencedh.org\/en\/wp-content\/uploads\/2025\/10\/nelson-mandela-288x180.jpg",288,180,true],"magplus-medium-hor":["https:\/\/www.agencedh.org\/en\/wp-content\/uploads\/2025\/10\/nelson-mandela-335x160.jpg",335,160,true],"magplus-medium-alt":["https:\/\/www.agencedh.org\/en\/wp-content\/uploads\/2025\/10\/nelson-mandela-290x162.jpg",290,162,true],"magplus-big-alt":["https:\/\/www.agencedh.org\/en\/wp-content\/uploads\/2025\/10\/nelson-mandela.jpg",521,356,false],"magplus-big":["https:\/\/www.agencedh.org\/en\/wp-content\/uploads\/2025\/10\/nelson-mandela.jpg",521,356,false],"magplus-big-alt-2":["https:\/\/www.agencedh.org\/en\/wp-content\/uploads\/2025\/10\/nelson-mandela-521x307.jpg",521,307,true]},"rttpg_author":{"display_name":"agencenadmin","author_link":"https:\/\/www.agencedh.org\/en\/author\/agencenadmin\/"},"rttpg_comment":0,"rttpg_category":"<a href=\"https:\/\/www.agencedh.org\/en\/category\/africa\/\" rel=\"category tag\">Africa<\/a> <a href=\"https:\/\/www.agencedh.org\/en\/category\/latest-news\/\" rel=\"category tag\">Latest news<\/a>","rttpg_excerpt":"The Palestinian struggle today embodies the same fight for justice and freedom once waged against apartheid. At the 23rd Nelson Mandela Foundation Annual Conference in Johannesburg, the UN Special Rapporteur on the Occupied Palestinian Territories, Francesca Albanese, drew parallels between the situation in Gaza and Nelson Mandela\u2019s struggle against apartheid. She emphasized that the injustices\u2026","_links":{"self":[{"href":"https:\/\/www.agencedh.org\/en\/wp-json\/wp\/v2\/posts\/5981","targetHints":{"allow":["GET"]}}],"collection":[{"href":"https:\/\/www.agencedh.org\/en\/wp-json\/wp\/v2\/posts"}],"about":[{"href":"https:\/\/www.agencedh.org\/en\/wp-json\/wp\/v2\/types\/post"}],"author":[{"embeddable":true,"href":"https:\/\/www.agencedh.org\/en\/wp-json\/wp\/v2\/users\/1"}],"replies":[{"embeddable":true,"href":"https:\/\/www.agencedh.org\/en\/wp-json\/wp\/v2\/comments?post=5981"}],"version-history":[{"count":1,"href":"https:\/\/www.agencedh.org\/en\/wp-json\/wp\/v2\/posts\/5981\/revisions"}],"predecessor-version":[{"id":5983,"href":"https:\/\/www.agencedh.org\/en\/wp-json\/wp\/v2\/posts\/5981\/revisions\/5983"}],"wp:featuredmedia":[{"embeddable":true,"href":"https:\/\/www.agencedh.org\/en\/wp-json\/wp\/v2\/media\/5982"}],"wp:attachment":[{"href":"https:\/\/www.agencedh.org\/en\/wp-json\/wp\/v2\/media?parent=5981"}],"wp:term":[{"taxonomy":"category","embeddable":true,"href":"https:\/\/www.agencedh.org\/en\/wp-json\/wp\/v2\/categories?post=5981"},{"taxonomy":"post_tag","embeddable":true,"href":"https:\/\/www.agencedh.org\/en\/wp-json\/wp\/v2\/tags?post=5981"}],"curies":[{"name":"wp","href":"https:\/\/api.w.org\/{rel}","templated":true}]}}